{"id":8657,"date":"2026-08-27T12:19:22","date_gmt":"2026-08-27T12:19:22","guid":{"rendered":"https:\/\/ostkueste.com\/unkategorisiert\/cycling-holiday-usedom-active-on-the-baltic-sea-in-the-off-season\/"},"modified":"2026-08-27T12:25:45","modified_gmt":"2026-08-27T12:25:45","slug":"cycling-holiday-usedom-active-on-the-baltic-sea-in-the-off-season","status":"publish","type":"post","link":"https:\/\/ostkueste.com\/en\/magazine\/island-impulses\/cycling-holiday-usedom-active-on-the-baltic-sea-in-the-off-season\/","title":{"rendered":"Cycling Holiday Usedom: Active on the Baltic Sea in the Off-Season"},"content":{"rendered":"<section class=\"l-section wpb_row height_auto width_full\"><div class=\"l-section-h i-cf\"><div class=\"g-cols vc_row via_grid cols_1 laptops-cols_inherit tablets-cols_inherit mobiles-cols_1 valign_top type_default stacking_default\"><div class=\"wpb_column vc_column_container\"><div class=\"vc_column-inner\"><div class=\"wpb_text_column\"><div class=\"wpb_wrapper\"><p>Usedom invites you for a cycling holiday as soon as the summer holiday rush is over \u2013 or before it has even begun. Those who cycle on Usedom outside the main season discover an island that takes its time: flat paths along the coast, quiet avenues in the hinterland, and imperial resorts where you can still stand almost alone on the pier in the morning. Exercise, fresh air, and a pace you set yourself \u2013 exactly what a holiday needs to have a lasting effect beyond the trip itself.  <\/p>\n<h2>Cycle Paths on Usedom: 200 Kilometers Flat Along the Baltic Sea<\/h2>\n<p>Usedom is one of the most bicycle-friendly islands on the Baltic Sea. The coastal cycle path connects the imperial resorts of Ahlbeck, Heringsdorf, and Bansin and continues via Streckelsberg and Zinnowitz to Peenem\u00fcnde. If you prefer to venture into the hinterland, you can cycle past Schmollensee and Gothensee, through forests and small villages where time noticeably slows down.  <\/p>\n<p>Usedom is also a destination and stage for several long-distance cycle routes: The Berlin-Usedom Cycle Path (approx. 335 kilometers, usually in four to six daily stages) ends directly at the Ahlbeck pier, as does the Oder-Neisse Cycle Path (approx. 630 kilometers along the German-Polish border). The Baltic Sea Coastal Cycle Path (D-Route 2 \/ EuroVelo 10) from L\u00fcbeck via R\u00fcgen to the Polish border, and the Iron Curtain Trail (EuroVelo 13) along the former border, both pass through the imperial resorts. Those who ride one of these routes will find a convenient starting or finishing point in Ahlbeck and Heringsdorf.  <\/p>\n<p>The island is predominantly flat \u2013 a good basic fitness level is entirely sufficient; a training plan is not necessary. Through the UsedomRad rental system, bicycles and e-bikes are available at over 100 stations, which is practical for anyone who doesn&#8217;t want to bring their own bike or wishes to spontaneously switch between locations. <\/p>\n<p>And if you are traveling with small children: it&#8217;s worth renting a cargo bike for a trip to the nearest ice cream parlor, for example. (Great rental bikes and service are available at Mietrad Station Ahlbeck or Fahrrad Kruggel)<\/p>\n<\/div><\/div><\/div><\/div><\/div><\/div><\/section><section class=\"l-section wpb_row height_auto width_full\"><div class=\"l-section-h i-cf\"><div class=\"g-cols vc_row via_grid cols_1 laptops-cols_inherit tablets-cols_inherit mobiles-cols_1 valign_top type_default stacking_default\"><div class=\"wpb_column vc_column_container\"><div class=\"vc_column-inner\"><div class=\"w-separator size_small\"><\/div><div class=\"w-image us_custom_8ec565b2 has_aspect_ratio align_none\"><div class=\"w-image-h\"><img decoding=\"async\" width=\"642\" height=\"1024\" src=\"https:\/\/ostkueste.com\/wp-content\/uploads\/fahrradurlaub-usedom-lastenrad-familie-642x1024.jpg\" class=\"attachment-large size-large\" alt=\"Perspektive vom Sattel eines schwarzen E-Lastenrads mit Kind in der Transportbox auf einen asphaltierten K\u00fcstenweg nahe einem Riesenrad.\" loading=\"lazy\" srcset=\"https:\/\/ostkueste.com\/wp-content\/uploads\/fahrradurlaub-usedom-lastenrad-familie-642x1024.jpg 642w, https:\/\/ostkueste.com\/wp-content\/uploads\/fahrradurlaub-usedom-lastenrad-familie-188x300.jpg 188w, https:\/\/ostkueste.com\/wp-content\/uploads\/fahrradurlaub-usedom-lastenrad-familie-125x200.jpg 125w, https:\/\/ostkueste.com\/wp-content\/uploads\/fahrradurlaub-usedom-lastenrad-familie-313x500.jpg 313w, https:\/\/ostkueste.com\/wp-content\/uploads\/fahrradurlaub-usedom-lastenrad-familie-209x333.jpg 209w, https:\/\/ostkueste.com\/wp-content\/uploads\/fahrradurlaub-usedom-lastenrad-familie.jpg 1196w\" sizes=\"auto, (max-width: 642px) 100vw, 642px\" \/><\/div><\/div><div class=\"w-separator size_small\"><\/div><div class=\"wpb_text_column\"><div class=\"wpb_wrapper\"><p>Best Travel Time for a Cycling Holiday on Usedom: Spring and Autumn<\/p>\n<p>In April and May, Usedom&#8217;s hinterland awakens: dandelions, poppies, and the violet liverworts in the coastal forest of Koserow turn every tour into a small riot of color. The days are already long, the paths still empty \u2013 cycling tours and hikes are practically in high season during these weeks, without the island becoming crowded. <\/p>\n<p>In September and October, this tranquility returns: the Baltic Sea is still pleasantly mild after summer, the promenades are clear again, and the light over the dunes takes on its warm, autumnal hue. Those who prefer to experience the island in a more sporty and lively way will also find their destination in mid-summer \u2013 more on that shortly. <\/p>\n<h2>Holiday Apartment on Usedom as a Base Camp \u2013 Space for Bikes, Rest for Legs<\/h2>\n<p>A good cycling holiday begins and ends at the accommodation. How bikes are stored differs from house to house \u2013 here&#8217;s an overview: <\/p>\n<ul>\n<li>Villa Staudt (Heringsdorf): Bicycle parking spaces outdoors and in the underground garage, with charging points for e-bike batteries. The underground garage opens via card or smartphone; there is also space for bicycle trailers. <\/li>\n<li>Nadler Hof (Ahlbeck): lockable bike cage directly at the parking lot. It is automatically locked and can be opened with the apartment card or digitally \u2013 not covered, but with enough space for a bike trailer. <\/li>\n<li>Kaiser Karl Apartments (Ahlbeck): Bicycle parking spaces in the basement of the building.<\/li>\n<li>Villa Albatros (Ahlbeck): Bike cellar in the building, accessible via stairs.<\/li>\n<li>Villa Groth (Ahlbeck): Outdoor bike racks. If you wish to store your bike securely, you can use the underground garage of Villa Staudt \u2013 about one kilometer away, approximately a three-minute bike ride. <\/li>\n<li>Villa Steigel (Ahlbeck): Outdoor bike racks.<\/li>\n<li>Das Sellin (Heringsdorf district) am Schmollensee: Bicycle parking spaces at the house, ground-level access, and a spacious garden \u2013 a quiet starting point for the hinterland; the loop around Schmollensee practically begins at your doorstep.<\/li>\n<\/ul>\n<p>After the tour, high-quality, fully equipped kitchens await, where a late lunch or a shared dinner can be easily prepared.<\/p>\n<p>If you truly want to relax your legs after a long stage, selected apartments in Villa Steigel and Villa Groth, as well as the apartment Das Sellin am Schmollensee, offer a private sauna \u2013 no wellness area with opening hours, but private tranquility directly in the apartment. And since all our houses are located amidst the low-traffic imperial resorts, the next stage begins right at your doorstep.<\/p>\n<\/div><\/div><div class=\"w-separator size_small\"><\/div><div class=\"w-image align_none meta_modern\"><div class=\"w-image-h\"><img decoding=\"async\" width=\"1024\" height=\"683\" src=\"https:\/\/ostkueste.com\/wp-content\/uploads\/fahrradurlaub-usedom-aktiv-nebensaison-natur-1024x683.jpg\" class=\"attachment-large size-large\" alt=\"Zwei Kinder fahren auf gelben Fahrr\u00e4dern auf einem gepflasterten Radweg an einem Deich neben einem bewachsenen Ufer mit Booten.\" loading=\"lazy\" srcset=\"https:\/\/ostkueste.com\/wp-content\/uploads\/fahrradurlaub-usedom-aktiv-nebensaison-natur-1024x683.jpg 1024w, https:\/\/ostkueste.com\/wp-content\/uploads\/fahrradurlaub-usedom-aktiv-nebensaison-natur-300x200.jpg 300w, https:\/\/ostkueste.com\/wp-content\/uploads\/fahrradurlaub-usedom-aktiv-nebensaison-natur-200x133.jpg 200w, https:\/\/ostkueste.com\/wp-content\/uploads\/fahrradurlaub-usedom-aktiv-nebensaison-natur-750x500.jpg 750w, https:\/\/ostkueste.com\/wp-content\/uploads\/fahrradurlaub-usedom-aktiv-nebensaison-natur-500x333.jpg 500w\" sizes=\"auto, (max-width: 1024px) 100vw, 1024px\" \/><div class=\"w-image-meta\"><div class=\"w-image-title\">\u00a9 Usedom Tourismus GmbH \/ MarTiem Fotografie<\/div><div class=\"w-image-description\">Ruhige Naturwege laden im Herbst und Fr\u00fchjahr zum Entdecken ein. Genie\u00dfen Sie Ihren Fahrradurlaub auf Usedom fernab des Trubels.<\/div><\/div><\/div><\/div><div class=\"w-separator size_small\"><\/div><div class=\"wpb_text_column\"><div class=\"wpb_wrapper\"><h2>Four Cycling Tours on Usedom That Are Worthwhile<\/h2>\n<ul>\n<li>Coastal Cycle Path Imperial Resorts Loop: Ahlbeck \u2013 Heringsdorf \u2013 Bansin \u2013 Streckelsberg, along Europe&#8217;s longest beach promenade, with views of piers and spa architecture.<\/li>\n<li>Hinterland Tour around Schmollensee: quiet forest paths and lake views, passing Sellin, ideal for a peaceful day without the Baltic Sea wind.<\/li>\n<li>Streckelsberg Loop near Koserow: the island&#8217;s highest elevation, with steep cliffs and a wide panoramic view of the Baltic Sea.<\/li>\n<li>Lieper Winkel Loop: through the quiet hinterland between Achterwasser and Peenestrom, with a stop at the Neppermin observation tower.<\/li>\n<\/ul>\n<h2>Viewpoints and Caf\u00e9 Stops in Heringsdorf and the Hinterland<\/h2>\n<p>Some of the most beautiful moments of a bike tour happen off the main route \u2013 when you briefly dismount to catch your breath. Our team recommends the treetop walk in Heringsdorf, the steep coast near Bansin, the observation tower in Neppermin, and the Golm near Kamminke, which offers one of the widest views on the island. <\/p>\n<p>For a coffee and cake break, we recommend B\u00e4ckerei Blunck in Ahlbeck, Kaffeeklaus in Heringsdorf, Caf\u00e9 R\u00f6ntgen, or Caf\u00e9 Vergiss dein nicht with homemade cake in the garden \u2013 small, unpretentious, and just right for putting your feet up before continuing. Directly on the beach, Surfbox 2.0 is a popular stop for cyclists: good drinks and snacks with your feet in the sand. <\/p>\n<h2>Active Holiday on Usedom: Yoga, Golf, and Tennis Off the Bike<\/h2>\n<p>If you want to make your stay active beyond cycling, Usedom offers plenty: yoga is available directly at the Heringsdorf sports beach and in the spa and healing forest, as well as golf on the courses at Balmer See in Benz and Baltic Hills in Korswandt, plus beach tennis and volleyball in Ahlbeck. A nice addition for days when your legs need a break from the saddle, without your holiday coming to a standstill. <\/p>\n<h2>Evening on the Baltic Sea: Sundowners and Restaurants in the Imperial Resorts<\/h2>\n<p>After a long day in the saddle, the evening by the sea tastes especially good. For a quiet sundowner, we recommend Alex Strandbar in Heringsdorf, Caf\u00e9 Knatter, Genusswerk Pier14, or Weinzimmer in Ahlbeck. If you&#8217;re still really hungry after the tour, you&#8217;ll be full and happy at Uwes Fischerh\u00fctte, Fischpalast Neppermin, or Kikis Bootsverleih &#038; Gastst\u00e4tte in Loddin.  <\/p>\n<h2>Our Top Holiday Apartments in Heringsdorf and Ahlbeck for Cycling Tourists<\/h2>\n<p>Historic houses in Heringsdorf and Ahlbeck, plus the apartment Das Sellin am Schmollensee \u2013 the following order is based on how well and securely bikes can be stored at each property. If you are also looking for a private sauna in the apartment, you will find it in selected Deluxe Apartments of Villa Steigel and Villa Groth; however, only outdoor bike racks are available for bikes there.<\/p>\n<\/div><\/div><div class=\"w-separator size_small\"><\/div><div class=\"w-html\"><style>\/* Container f\u00fcr den mobilen Slider (Scrollbalken) *\/\n  .table-wrapper {\n    overflow-x: auto;\n    -webkit-overflow-scrolling: touch; \/* Sorgt f\u00fcr fl\u00fcssiges Scrollen auf Apple-Ger\u00e4ten *\/\n    width: 100%;\n    margin-bottom: 20px;\n  }\n\n  \/* Das Design der Tabelle *\/\n  .villa-table {\n    width: 100%;\n    border-collapse: collapse;\n    min-width: 750px; \/* Zwingt die Tabelle auf mobilen Ger\u00e4ten in den Scroll-Modus *\/\n    font-size: 16px;\n    line-height: 1.2;\n    background-color: #ffffff; \/* Restlicher Hintergrund in Wei\u00df *\/\n  }\n\n  .villa-table th, \n  .villa-table td {\n    border: 1px solid #333;\n    padding: 12px;\n    text-align: left;\n    vertical-align: top;\n  }\n\n  \/* Design f\u00fcr die Kopfzeile *\/\n  .villa-table th {\n    background-color: #989058;\n    color: #ffffff;\n    font-weight: bold;\n  }\n\n  \/* Design f\u00fcr die Links *\/\n  .villa-table a {\n    color: #989058; \/* Farblich passend zur Kopfzeile *\/\n    text-decoration: none;\n    font-weight: bold;\n  }\n  \n  .villa-table a:hover {\n    text-decoration: underline; \/* Leichtes Feedback beim Hovern *\/\n  }\n<\/style><div class=\"table-wrapper\"><table class=\"villa-table\"><thead><tr><th><\/th><th>Haus<\/th><th>Ort<\/th><th>Apartment<\/th><th>Warum es sich f\u00fcr Radurlauber lohnt<\/th><\/tr><\/thead><tbody><tr><td>1.<\/td><td><a href=\"https:\/\/ostkueste.com\/en\/standorte\/villa-staudt\/\" target=\"_blank\" rel=\"noopener noreferrer\">Villa Staudt<\/a><\/td><td>Heringsdorf<\/td><td>Erdgeschoss-Apartments Nr. 1, 2, 3, 4 und 15<\/td><td>Beste Wahl f\u00fcr Radreisende: Stellpl\u00e4tze im Au\u00dfenbereich und in der Tiefgarage, dort mit Ladepunkten f\u00fcr E-Bike-Akkus. Zugang per Karte oder Smartphone, Platz auch f\u00fcr Fahrradanh\u00e4nger.<\/td><\/tr><tr><td>2.<\/td><td><a href=\"https:\/\/ostkueste.com\/en\/standorte\/nadler-hof-apartments\/\" target=\"_blank\" rel=\"noopener noreferrer\">Nadler Hof<\/a><\/td><td>Ahlbeck<\/td><td>Apartments Nr. 1, 2 und 9<\/td><td>Abschlie\u00dfbarer Fahrradk\u00e4fig direkt am Parkplatz, digital oder mit der Wohnungskarte zu \u00f6ffnen. Nicht \u00fcberdacht, daf\u00fcr ger\u00e4umig genug f\u00fcr einen Fahrradanh\u00e4nger.<\/td><\/tr><tr><td>3.<\/td><td><a href=\"https:\/\/ostkueste.com\/en\/standorte\/kaiser-karl-apartments\/\" target=\"_blank\" rel=\"noopener noreferrer\">Kaiser Karl Apartments<\/a><\/td><td>Ahlbeck<\/td><td>Apartments Nr. 1 und 2<\/td><td>Fahrradstellpl\u00e4tze im Keller des Hauses, wenige Minuten vom K\u00fcstenradweg entfernt.<\/td><\/tr><tr><td>4.<\/td><td><a href=\"https:\/\/ostkueste.com\/en\/standorte\/villa-albatros\/\" target=\"_blank\" rel=\"noopener noreferrer\">Villa Albatros<\/a><\/td><td>Ahlbeck<\/td><td>Alle Lofts<\/td><td>Fahrradkeller im Haus, \u00fcber eine Treppe erreichbar \u2013 gesch\u00fctzt, aber mit Stufen beim Ein- und Ausr\u00e4umen. F\u00fcr R\u00e4der eignen sich alle Apartments gleicherma\u00dfen.<\/td><\/tr><tr><td>5.<\/td><td><a href=\"https:\/\/ostkueste.com\/en\/apartment\/the-sellin-2-bedroom-apartment\/\" target=\"_blank\" rel=\"noopener noreferrer\">Das Sellin<\/a><\/td><td>Sellin<\/td><td>Erdgeschoss-Apartment, ca. 85 qm<\/td><td>Fahrradstellpl\u00e4tze am Haus, ebenerdiger Zugang und Garten. Direkt am Schmollensee und an der Achterland-Runde, dazu eigene Sauna, Terrasse mit Seeblick und Seezugang mit hauseigenem Steg.<\/td><\/tr><\/tbody><\/table><\/div><\/div><div class=\"w-separator size_small\"><\/div><\/div><\/div><\/div><\/div><\/section><section class=\"l-section wpb_row height_auto width_full\"><div class=\"l-section-h i-cf\"><div class=\"g-cols vc_row via_grid cols_1 laptops-cols_inherit tablets-cols_inherit mobiles-cols_1 valign_top type_default stacking_default\"><div class=\"wpb_column vc_column_container\"><div class=\"vc_column-inner\"><h3 class=\"w-text\"><span class=\"w-text-h\"><span class=\"w-text-value\">Frequently Asked Questions about Cycling Holidays on Usedom<\/span><\/span><\/h3><div class=\"w-tabs accordion toggle_style_1 has_scrolling\" style=\"--sections-title-size:inherit;--sections-gap:0.5rem;\"><div class=\"w-tabs-sections titles-align_none icon_chevron cpos_right\"><div class=\"w-tabs-section\" id=\"yec1\" itemscope itemprop=\"mainEntity\" itemtype=\"https:\/\/schema.org\/Question\"><button type=\"button\" class=\"w-tabs-section-header\" aria-controls=\"content-yec1\" aria-expanded=\"false\"><div class=\"w-tabs-section-title\" itemprop=\"name\">Is Usedom suitable for a cycling holiday?<\/div><div class=\"w-tabs-section-control\"><\/div><\/button><div  class=\"w-tabs-section-content\" id=\"content-yec1\" itemscope itemprop=\"acceptedAnswer\" itemtype=\"https:\/\/schema.org\/Answer\"><div class=\"w-tabs-section-content-h i-cf\" itemprop=\"text\"><div class=\"wpb_text_column\"><div class=\"wpb_wrapper\"><p>Yes. Over 200 kilometers of flat, well-maintained cycle paths lead along the coast and through the hinterland \u2013 suitable for almost any fitness level.<\/p>\n<\/div><\/div><\/div><\/div><\/div><div class=\"w-tabs-section\" id=\"pf63\" itemscope itemprop=\"mainEntity\" itemtype=\"https:\/\/schema.org\/Question\"><button type=\"button\" class=\"w-tabs-section-header\" aria-controls=\"content-pf63\" aria-expanded=\"false\"><div class=\"w-tabs-section-title\" itemprop=\"name\">When is the best time for a cycling holiday on Usedom?<\/div><div class=\"w-tabs-section-control\"><\/div><\/button><div  class=\"w-tabs-section-content\" id=\"content-pf63\" itemscope itemprop=\"acceptedAnswer\" itemtype=\"https:\/\/schema.org\/Answer\"><div class=\"w-tabs-section-content-h i-cf\" itemprop=\"text\"><div class=\"wpb_text_column\"><div class=\"wpb_wrapper\"><p>Most pleasant in the off-season: in spring (April\/May) the hinterland blossoms and the paths are still empty, in autumn (September\/October) the sea is still mild and the island is quieter again. However, cycling is possible year-round between May and September.<\/p>\n<\/div><\/div><\/div><\/div><\/div><div class=\"w-tabs-section\" id=\"zffa\" itemscope itemprop=\"mainEntity\" itemtype=\"https:\/\/schema.org\/Question\"><button type=\"button\" class=\"w-tabs-section-header\" aria-controls=\"content-zffa\" aria-expanded=\"false\"><div class=\"w-tabs-section-title\" itemprop=\"name\">Where can I rent a bicycle or e-bike on Usedom?<\/div><div class=\"w-tabs-section-control\"><\/div><\/button><div  class=\"w-tabs-section-content\" id=\"content-zffa\" itemscope itemprop=\"acceptedAnswer\" itemtype=\"https:\/\/schema.org\/Answer\"><div class=\"w-tabs-section-content-h i-cf\" itemprop=\"text\"><div class=\"wpb_text_column\"><div class=\"wpb_wrapper\"><p>Through the UsedomRad rental system, bicycles and e-bikes are available at over 100 stations across the island.<\/p>\n<\/div><\/div><\/div><\/div><\/div><div class=\"w-tabs-section\" id=\"c08d\" itemscope itemprop=\"mainEntity\" itemtype=\"https:\/\/schema.org\/Question\"><button type=\"button\" class=\"w-tabs-section-header\" aria-controls=\"content-c08d\" aria-expanded=\"false\"><div class=\"w-tabs-section-title\" itemprop=\"name\">Is there space in the apartments for storing bicycles?<\/div><div class=\"w-tabs-section-control\"><\/div><\/button><div  class=\"w-tabs-section-content\" id=\"content-c08d\" itemscope itemprop=\"acceptedAnswer\" itemtype=\"https:\/\/schema.org\/Answer\"><div class=\"w-tabs-section-content-h i-cf\" itemprop=\"text\"><div class=\"wpb_text_column\"><div class=\"wpb_wrapper\"><p>Yes, but storage varies by house. Villa Staudt offers outdoor and underground parking spaces (with charging points, access via card or smartphone, also space for bike trailers). At Nadler Hof, there is an automatically locked bike cage in the parking lot that can be opened with the apartment card or digitally \u2013 not covered, but spacious enough for a bike trailer. Kaiser Karl Apartments and Villa Albatros have bike cellars in the building. Villa Groth and Villa Steigel have outdoor bike racks, and Das Sellin am Schmollensee also has bike parking spaces at the house. Bikes belonging to guests of Villa Groth can also be stored in the underground garage of Villa Staudt if needed \u2013 about a three-minute bike ride away.<\/p>\n<\/div><\/div><\/div><\/div><\/div><div class=\"w-tabs-section\" id=\"p115\" itemscope itemprop=\"mainEntity\" itemtype=\"https:\/\/schema.org\/Question\"><button type=\"button\" class=\"w-tabs-section-header\" aria-controls=\"content-p115\" aria-expanded=\"false\"><div class=\"w-tabs-section-title\" itemprop=\"name\">Can I charge my e-bike battery at the accommodation?<\/div><div class=\"w-tabs-section-control\"><\/div><\/button><div  class=\"w-tabs-section-content\" id=\"content-p115\" itemscope itemprop=\"acceptedAnswer\" itemtype=\"https:\/\/schema.org\/Answer\"><div class=\"w-tabs-section-content-h i-cf\" itemprop=\"text\"><div class=\"wpb_text_column\"><div class=\"wpb_wrapper\"><p><span data-contrast=\"auto\" lang=\"DE-DE\" class=\"TextRun SCXW210426010 BCX0\"><span class=\"NormalTextRun SCXW210426010 BCX0\">Yes. In the underground garage of Villa Staudt, bicycle parking spaces with charging points for e-bikes are available. <\/span><\/span><span class=\"EOP Selected SCXW210426010 BCX0\" data-ccp-props=\"{\"335559739\":160}\"> <\/span><\/p>\n<\/div><\/div><\/div><\/div><\/div><div class=\"w-tabs-section\" id=\"a1af\" itemscope itemprop=\"mainEntity\" itemtype=\"https:\/\/schema.org\/Question\"><button type=\"button\" class=\"w-tabs-section-header\" aria-controls=\"content-a1af\" aria-expanded=\"false\"><div class=\"w-tabs-section-title\" itemprop=\"name\">Are there apartments with a sauna for relaxation after a bike tour?<\/div><div class=\"w-tabs-section-control\"><\/div><\/button><div  class=\"w-tabs-section-content\" id=\"content-a1af\" itemscope itemprop=\"acceptedAnswer\" itemtype=\"https:\/\/schema.org\/Answer\"><div class=\"w-tabs-section-content-h i-cf\" itemprop=\"text\"><div class=\"wpb_text_column\"><div class=\"wpb_wrapper\"><p><span data-contrast=\"auto\" lang=\"DE-DE\" class=\"TextRun SCXW182774549 BCX0\"><span class=\"NormalTextRun SCXW182774549 BCX0\">Yes. Selected Deluxe Apartments of Villa <span> <\/span><\/span><span class=\"NormalTextRun SpellingErrorV2Themed SCXW182774549 BCX0\">Steigel<\/span><span class=\"NormalTextRun SCXW182774549 BCX0\"><span> <\/span>and Villa Groth feature a private sauna directly in the apartment<\/span><span class=\"NormalTextRun SCXW182774549 BCX0\">, as does the apartment Das Sellin am<span> <\/span><\/span><span class=\"NormalTextRun SpellingErrorV2Themed SCXW182774549 BCX0\">Schmollensee<\/span><span class=\"NormalTextRun SCXW182774549 BCX0\">.<\/span><\/span><span class=\"EOP Selected SCXW182774549 BCX0\" data-ccp-props=\"{\"335559739\":160}\"> <\/span><\/p>\n<\/div><\/div><\/div><\/div><\/div><div class=\"w-tabs-section\" id=\"r234\" itemscope itemprop=\"mainEntity\" itemtype=\"https:\/\/schema.org\/Question\"><button type=\"button\" class=\"w-tabs-section-header\" aria-controls=\"content-r234\" aria-expanded=\"false\"><div class=\"w-tabs-section-title\" itemprop=\"name\">What are the &#039;Tu Dir Gut&#039; Weeks on Usedom?<\/div><div class=\"w-tabs-section-control\"><\/div><\/button><div  class=\"w-tabs-section-content\" id=\"content-r234\" itemscope itemprop=\"acceptedAnswer\" itemtype=\"https:\/\/schema.org\/Answer\"><div class=\"w-tabs-section-content-h i-cf\" itemprop=\"text\"><div class=\"wpb_text_column\"><div class=\"wpb_wrapper\"><p><span data-contrast=\"auto\" lang=\"DE-DE\" class=\"TextRun SCXW73872870 BCX0\"><span class=\"NormalTextRun SCXW73872870 BCX0\">Every April, the island transforms for about two weeks<\/span><span class=\"NormalTextRun SCXW73872870 BCX0\"><span> <\/span>into an oasis for movement, mindfulness, and relaxation \u2013 with offerings such as the plogging beach run in Karlshagen or a beach sauna. A nice addition to a few days on the bike. <\/span><\/span><span class=\"EOP Selected SCXW73872870 BCX0\" data-ccp-props=\"{\"335559739\":160}\"> <\/span><\/p>\n<\/div><\/div><\/div><\/div><\/div><div class=\"w-tabs-section\" id=\"x2c7\" itemscope itemprop=\"mainEntity\" itemtype=\"https:\/\/schema.org\/Question\"><button type=\"button\" class=\"w-tabs-section-header\" aria-controls=\"content-x2c7\" aria-expanded=\"false\"><div class=\"w-tabs-section-title\" itemprop=\"name\">Are there also sporting events on Usedom?<\/div><div class=\"w-tabs-section-control\"><\/div><\/button><div  class=\"w-tabs-section-content\" id=\"content-x2c7\" itemscope itemprop=\"acceptedAnswer\" itemtype=\"https:\/\/schema.org\/Answer\"><div class=\"w-tabs-section-content-h i-cf\" itemprop=\"text\"><div class=\"wpb_text_column\"><div class=\"wpb_wrapper\"><p><span data-contrast=\"auto\" lang=\"DE-DE\" class=\"TextRun SCXW129645009 BCX0\"><span class=\"NormalTextRun SCXW129645009 BCX0\">Yes.<span> <\/span><\/span><span class=\"NormalTextRun SCXW129645009 BCX0\">Year-round, there are sports activities at the Heringsdorf sports beach, beach volleyball at Flow Volleyball in Ahlbeck, and yoga in the spa and<span> <\/span><\/span><span class=\"NormalTextRun SpellingErrorV2Themed SCXW129645009 BCX0\">healing forest<\/span><span class=\"NormalTextRun SCXW129645009 BCX0\">. In addition, there are recurring events such as the Usedom People&#8217;s Sports Triathlon in Koserow and the International Usedom Marathon through the imperial resorts \u2013 the current dates can be found on the event page of the<\/span><span class=\"NormalTextRun SCXW129645009 BCX0\"><span> <\/span>Imperial Resorts.<\/span><\/span><span class=\"EOP Selected SCXW129645009 BCX0\" data-ccp-props=\"{\"335559739\":160}\"> <\/span><\/p>\n<\/div><\/div><\/div><\/div><\/div><\/div><\/div><\/div><\/div><\/div><\/div><\/section>\n","protected":false},"excerpt":{"rendered":"Usedom invites you for a cycling holiday as soon as the summer holiday rush is over \u2013 or before it has even begun. Those who cycle on Usedom outside the main season discover an island that takes its time: flat paths along the coast, quiet avenues in the hinterland, and imperial resorts where you can...","protected":false},"author":1,"featured_media":8640,"comment_status":"closed","ping_status":"closed","sticky":false,"template":"","format":"standard","meta":{"_acf_changed":false,"footnotes":""},"categories":[75],"tags":[],"class_list":["post-8657","post","type-post","status-publish","format-standard","has-post-thumbnail","hentry","category-island-impulses"],"acf":[],"_links":{"self":[{"href":"https:\/\/ostkueste.com\/en\/wp-json\/wp\/v2\/posts\/8657","targetHints":{"allow":["GET"]}}],"collection":[{"href":"https:\/\/ostkueste.com\/en\/wp-json\/wp\/v2\/posts"}],"about":[{"href":"https:\/\/ostkueste.com\/en\/wp-json\/wp\/v2\/types\/post"}],"author":[{"embeddable":true,"href":"https:\/\/ostkueste.com\/en\/wp-json\/wp\/v2\/users\/1"}],"replies":[{"embeddable":true,"href":"https:\/\/ostkueste.com\/en\/wp-json\/wp\/v2\/comments?post=8657"}],"version-history":[{"count":8,"href":"https:\/\/ostkueste.com\/en\/wp-json\/wp\/v2\/posts\/8657\/revisions"}],"predecessor-version":[{"id":8681,"href":"https:\/\/ostkueste.com\/en\/wp-json\/wp\/v2\/posts\/8657\/revisions\/8681"}],"wp:featuredmedia":[{"embeddable":true,"href":"https:\/\/ostkueste.com\/en\/wp-json\/wp\/v2\/media\/8640"}],"wp:attachment":[{"href":"https:\/\/ostkueste.com\/en\/wp-json\/wp\/v2\/media?parent=8657"}],"wp:term":[{"taxonomy":"category","embeddable":true,"href":"https:\/\/ostkueste.com\/en\/wp-json\/wp\/v2\/categories?post=8657"},{"taxonomy":"post_tag","embeddable":true,"href":"https:\/\/ostkueste.com\/en\/wp-json\/wp\/v2\/tags?post=8657"}],"curies":[{"name":"wp","href":"https:\/\/api.w.org\/{rel}","templated":true}]}}