{"id":8626,"date":"2026-08-27T10:10:00","date_gmt":"2026-08-27T10:10:00","guid":{"rendered":"https:\/\/ostkueste.com\/unkategorisiert\/extended-stay-usedom-save-25-on-14-nights\/"},"modified":"2026-08-27T11:45:36","modified_gmt":"2026-08-27T11:45:36","slug":"extended-stay-usedom-save-25-on-14-nights","status":"publish","type":"post","link":"https:\/\/ostkueste.com\/en\/magazine\/imperial-spas-usedom-exclusive-accommodations\/extended-stay-usedom-save-25-on-14-nights\/","title":{"rendered":"Extended Stay Usedom: Save 25% on 14+ Nights"},"content":{"rendered":"<section class=\"l-section wpb_row height_auto width_full\"><div class=\"l-section-h i-cf\"><div class=\"g-cols vc_row via_grid cols_1 laptops-cols_inherit tablets-cols_inherit mobiles-cols_1 valign_top type_default stacking_default\"><div class=\"wpb_column vc_column_container\"><div class=\"vc_column-inner\"><div class=\"wpb_text_column\"><div class=\"wpb_wrapper\"><p>Some holidays need more than a few days to truly arrive. With our extended stay offer, we reward just that: Stay a minimum of 14 nights in your OSTK\u00dcSTE Apartment on Usedom and save 25% on the overnight rate. Enough time for long walks on the beach, quiet mornings on the terrace, and the feeling that Usedom becomes your home for a while.  <\/p>\n<h2>How your Extended Stay on Usedom works<\/h2>\n<p>Book as usual \u2013 from the 14th night, the 25% discount is automatically applied to the entire overnight rate. It applies to all categories from lofts to two-bedroom apartments, excluding apartments with their own sauna. <\/p>\n<p>You can book your extended stay for the travel period from 2026-11-02 to 2027-02-28, excluding New Year&#8217;s Eve. The entire stay must fall within this period \u2013 the last possible arrival date is therefore 2027-02-14.<\/p>\n<\/div><\/div><div class=\"w-separator size_small\"><\/div><\/div><\/div><\/div><\/div><\/section><section class=\"l-section wpb_row height_auto width_full\"><div class=\"l-section-h i-cf\"><div class=\"g-cols vc_row via_grid cols_1 laptops-cols_inherit tablets-cols_inherit mobiles-cols_1 valign_top type_default stacking_default\"><div class=\"wpb_column vc_column_container\"><div class=\"vc_column-inner\"><div class=\"w-separator size_small\"><\/div><div class=\"w-grid us_post_carousel type_carousel layout_gallery_cropped preload_style_spinner items_2 overflow_hidden items_have_ratio\" id=\"us_post_list_l8b6\" style=\"--items:2;--gap:1.5rem;--item-aspect-ratio:1;\"><style>@media (max-width:600px){#us_post_list_l8b6 .owl-carousel:not(.owl-loaded) .w-grid-item{width:calc(100% \/ 1 )!important}}.layout_gallery_cropped .w-grid-item-h{}.layout_gallery_cropped .usg_post_image_1{position:absolute!important;left:0!important;top:0!important;bottom:0!important;right:0!important}<\/style><div class=\"w-grid-list owl-carousel valign_stretch dotstyle_circle navstyle_5 arrows-ver-pos_middle arrows-hor-pos_on_sides_inside arrows-disabled_hide owl-responsive-2000 with_arrows\" style=\"--transition-duration:1000ms;--arrows-size:2rem;--arrows-hor-offset:-15px;--arrows-gap:10px;\" role=\"group\" aria-label=\"Carousel\">\t<article class=\"w-grid-item size_1x1 post-8383 attachment type-attachment status-inherit hentry\" data-id=\"8383\">\r\n\t\t<div class=\"w-grid-item-h\">\r\n\t\t\t\t\t\t\t<a ref=\"magnificPopupList\" data-alt=\"Ein gro\u00dfz\u00fcgiger offener Essbereich mit einem runden Holztisch, schwarzen Retro-St\u00fchlen, farbenfrohen H\u00e4ngelampen in Gelb, Gr\u00fcn und Orange sowie einer partiell freigelegten Backsteinwand im Hintergrund.\" href=\"https:\/\/ostkueste.com\/wp-content\/uploads\/essbereich-historische-villa-designmoebel.jpg\" class=\"w-grid-item-anchor\" aria-label=\"Ein gro\u00dfz\u00fcgiger offener Essbereich mit einem runden Holztisch, schwarzen Retro-St\u00fchlen, farbenfrohen H\u00e4ngelampen in Gelb, Gr\u00fcn und Orange sowie einer partiell freigelegten Backsteinwand im Hintergrund.\"><\/a>\r\n\t\t\t\t\t\t<div class=\"w-post-elm post_image usg_post_image_1 stretched\"><img loading=\"lazy\" decoding=\"async\" width=\"1024\" height=\"768\" src=\"https:\/\/ostkueste.com\/wp-content\/uploads\/essbereich-historische-villa-designmoebel-1024x768.jpg\" class=\"attachment-large size-large\" alt=\"Ein gro\u00dfz\u00fcgiger offener Essbereich mit einem runden Holztisch, schwarzen Retro-St\u00fchlen, farbenfrohen H\u00e4ngelampen in Gelb, Gr\u00fcn und Orange sowie einer partiell freigelegten Backsteinwand im Hintergrund.\" srcset=\"https:\/\/ostkueste.com\/wp-content\/uploads\/essbereich-historische-villa-designmoebel-1024x768.jpg 1024w, https:\/\/ostkueste.com\/wp-content\/uploads\/essbereich-historische-villa-designmoebel-300x225.jpg 300w, https:\/\/ostkueste.com\/wp-content\/uploads\/essbereich-historische-villa-designmoebel-200x150.jpg 200w, https:\/\/ostkueste.com\/wp-content\/uploads\/essbereich-historische-villa-designmoebel-667x500.jpg 667w, https:\/\/ostkueste.com\/wp-content\/uploads\/essbereich-historische-villa-designmoebel-444x333.jpg 444w\" sizes=\"auto, (max-width: 1024px) 100vw, 1024px\" \/><\/div>\t\t<\/div>\r\n\t\t\t<\/article>\r\n\t<article class=\"w-grid-item size_1x1 post-8385 attachment type-attachment status-inherit hentry\" data-id=\"8385\">\r\n\t\t<div class=\"w-grid-item-h\">\r\n\t\t\t\t\t\t\t<a ref=\"magnificPopupList\" data-alt=\"Eine Frau und ein kleines Kind stehen Hand in Hand mit einem Koffer vor der Eingangst\u00fcr einer wei\u00dfen Villa, die durch ein markantes gr\u00fcnes Vordach im historischen Stil gepr\u00e4gt ist.\" href=\"https:\/\/ostkueste.com\/wp-content\/uploads\/familie-ankunft-ferienwohnung-baederarchitektur.jpg\" class=\"w-grid-item-anchor\" aria-label=\"Eine Frau und ein kleines Kind stehen Hand in Hand mit einem Koffer vor der Eingangst\u00fcr einer wei\u00dfen Villa, die durch ein markantes gr\u00fcnes Vordach im historischen Stil gepr\u00e4gt ist.\"><\/a>\r\n\t\t\t\t\t\t<div class=\"w-post-elm post_image usg_post_image_1 stretched\"><img loading=\"lazy\" decoding=\"async\" width=\"1024\" height=\"680\" src=\"https:\/\/ostkueste.com\/wp-content\/uploads\/familie-ankunft-ferienwohnung-baederarchitektur-1024x680.jpg\" class=\"attachment-large size-large\" alt=\"Eine Frau und ein kleines Kind stehen Hand in Hand mit einem Koffer vor der Eingangst\u00fcr einer wei\u00dfen Villa, die durch ein markantes gr\u00fcnes Vordach im historischen Stil gepr\u00e4gt ist.\" srcset=\"https:\/\/ostkueste.com\/wp-content\/uploads\/familie-ankunft-ferienwohnung-baederarchitektur-1024x680.jpg 1024w, https:\/\/ostkueste.com\/wp-content\/uploads\/familie-ankunft-ferienwohnung-baederarchitektur-300x199.jpg 300w, https:\/\/ostkueste.com\/wp-content\/uploads\/familie-ankunft-ferienwohnung-baederarchitektur-200x133.jpg 200w, https:\/\/ostkueste.com\/wp-content\/uploads\/familie-ankunft-ferienwohnung-baederarchitektur-750x498.jpg 750w, https:\/\/ostkueste.com\/wp-content\/uploads\/familie-ankunft-ferienwohnung-baederarchitektur-500x333.jpg 500w\" sizes=\"auto, (max-width: 1024px) 100vw, 1024px\" \/><\/div>\t\t<\/div>\r\n\t\t\t<\/article>\r\n\t<article class=\"w-grid-item size_1x1 post-8389 attachment type-attachment status-inherit hentry\" data-id=\"8389\">\r\n\t\t<div class=\"w-grid-item-h\">\r\n\t\t\t\t\t\t\t<a ref=\"magnificPopupList\" data-alt=\"Der komplett in hellem Holz ausgekleidete Innenraum einer Sauna mit Sitzbank, einem Saunaofen samt Steinen, einem Aufgusseimer und einer verglasten Front, die an eine moderne Dusche grenzt.\" href=\"https:\/\/ostkueste.com\/wp-content\/uploads\/private-sauna-ferienwohnung-ostsee.jpg\" class=\"w-grid-item-anchor\" aria-label=\"Der komplett in hellem Holz ausgekleidete Innenraum einer Sauna mit Sitzbank, einem Saunaofen samt Steinen, einem Aufgusseimer und einer verglasten Front, die an eine moderne Dusche grenzt.\"><\/a>\r\n\t\t\t\t\t\t<div class=\"w-post-elm post_image usg_post_image_1 stretched\"><img loading=\"lazy\" decoding=\"async\" width=\"1024\" height=\"768\" src=\"https:\/\/ostkueste.com\/wp-content\/uploads\/private-sauna-ferienwohnung-ostsee-1024x768.jpg\" class=\"attachment-large size-large\" alt=\"Der komplett in hellem Holz ausgekleidete Innenraum einer Sauna mit Sitzbank, einem Saunaofen samt Steinen, einem Aufgusseimer und einer verglasten Front, die an eine moderne Dusche grenzt.\" srcset=\"https:\/\/ostkueste.com\/wp-content\/uploads\/private-sauna-ferienwohnung-ostsee-1024x768.jpg 1024w, https:\/\/ostkueste.com\/wp-content\/uploads\/private-sauna-ferienwohnung-ostsee-300x225.jpg 300w, https:\/\/ostkueste.com\/wp-content\/uploads\/private-sauna-ferienwohnung-ostsee-200x150.jpg 200w, https:\/\/ostkueste.com\/wp-content\/uploads\/private-sauna-ferienwohnung-ostsee-667x500.jpg 667w, https:\/\/ostkueste.com\/wp-content\/uploads\/private-sauna-ferienwohnung-ostsee-444x333.jpg 444w\" sizes=\"auto, (max-width: 1024px) 100vw, 1024px\" \/><\/div>\t\t<\/div>\r\n\t\t\t<\/article>\r\n\t<article class=\"w-grid-item size_1x1 post-8552 attachment type-attachment status-inherit hentry\" data-id=\"8552\">\r\n\t\t<div class=\"w-grid-item-h\">\r\n\t\t\t\t\t\t\t<a ref=\"magnificPopupList\" data-alt=\"Hell gestaltetes Schlafzimmer mit einem Doppelbett aus Holz, edlem Fischgr\u00e4tparkett, einem dunkelt\u00fcrkisen Stuhl und gro\u00dfen Fenstern.\" href=\"https:\/\/ostkueste.com\/wp-content\/uploads\/schlafzimmer-hell-fischgraetparkett-ostkueste-apartment.jpg\" class=\"w-grid-item-anchor\" aria-label=\"Hell gestaltetes Schlafzimmer mit einem Doppelbett aus Holz, edlem Fischgr\u00e4tparkett, einem dunkelt\u00fcrkisen Stuhl und gro\u00dfen Fenstern.\"><\/a>\r\n\t\t\t\t\t\t<div class=\"w-post-elm post_image usg_post_image_1 stretched\"><img loading=\"lazy\" decoding=\"async\" width=\"1024\" height=\"683\" src=\"https:\/\/ostkueste.com\/wp-content\/uploads\/schlafzimmer-hell-fischgraetparkett-ostkueste-apartment-1024x683.jpg\" class=\"attachment-large size-large\" alt=\"Hell gestaltetes Schlafzimmer mit einem Doppelbett aus Holz, edlem Fischgr\u00e4tparkett, einem dunkelt\u00fcrkisen Stuhl und gro\u00dfen Fenstern.\" srcset=\"https:\/\/ostkueste.com\/wp-content\/uploads\/schlafzimmer-hell-fischgraetparkett-ostkueste-apartment-1024x683.jpg 1024w, https:\/\/ostkueste.com\/wp-content\/uploads\/schlafzimmer-hell-fischgraetparkett-ostkueste-apartment-300x200.jpg 300w, https:\/\/ostkueste.com\/wp-content\/uploads\/schlafzimmer-hell-fischgraetparkett-ostkueste-apartment-200x133.jpg 200w, https:\/\/ostkueste.com\/wp-content\/uploads\/schlafzimmer-hell-fischgraetparkett-ostkueste-apartment-750x500.jpg 750w, https:\/\/ostkueste.com\/wp-content\/uploads\/schlafzimmer-hell-fischgraetparkett-ostkueste-apartment-500x333.jpg 500w, https:\/\/ostkueste.com\/wp-content\/uploads\/schlafzimmer-hell-fischgraetparkett-ostkueste-apartment.jpg 1300w\" sizes=\"auto, (max-width: 1024px) 100vw, 1024px\" \/><\/div>\t\t<\/div>\r\n\t\t\t<\/article>\r\n<\/div><div class=\"w-grid-carousel-json hidden\" onclick='return {&quot;carousel_settings&quot;:{&quot;aria_labels&quot;:{&quot;prev&quot;:&quot;Previous&quot;,&quot;next&quot;:&quot;Next&quot;,&quot;slide&quot;:&quot;item&quot;,&quot;slide_x_of_y&quot;:&quot;%1$s of %2$s&quot;,&quot;play&quot;:&quot;Play&quot;,&quot;pause&quot;:&quot;Pause&quot;},&quot;autoplayContinual&quot;:false,&quot;autoplayContinualCss&quot;:false,&quot;autoplayHoverPause&quot;:false,&quot;autoplayTimeout&quot;:3000,&quot;autoWidth&quot;:false,&quot;smartSpeed&quot;:1000,&quot;margin&quot;:0,&quot;mouseDrag&quot;:true,&quot;rtl&quot;:false,&quot;slideBy&quot;:&quot;1&quot;,&quot;touchDrag&quot;:true,&quot;slideTransition&quot;:&quot;&quot;,&quot;responsive&quot;:{&quot;0&quot;:{&quot;autoHeight&quot;:false,&quot;autoplay&quot;:false,&quot;autoplayContinualCss&quot;:false,&quot;autoWidth&quot;:false,&quot;center&quot;:false,&quot;dots&quot;:false,&quot;items&quot;:1,&quot;loop&quot;:false,&quot;nav&quot;:false,&quot;stagePadding&quot;:0,&quot;slideBy&quot;:&quot;1&quot;,&quot;touchDrag&quot;:true,&quot;mouseDrag&quot;:true},&quot;601&quot;:{&quot;items&quot;:2,&quot;autoplay&quot;:true,&quot;autoplayContinualCss&quot;:false,&quot;center&quot;:false,&quot;dots&quot;:false,&quot;nav&quot;:true,&quot;autoHeight&quot;:false,&quot;autoWidth&quot;:false,&quot;loop&quot;:true,&quot;stagePadding&quot;:0}}}}'><\/div><\/div><div class=\"w-separator size_small\"><\/div><div class=\"w-btn-wrapper align_center\"><a class=\"w-btn us-btn-style_1\" href=\"https:\/\/buchen.ostkueste.com\/recommendation?hc=GV519405&amp;lang=de\"><span class=\"w-btn-label\">Secure your Extended Stay on Usedom<\/span><\/a><\/div><div class=\"w-separator size_small\"><\/div><\/div><\/div><\/div><\/div><\/section><section class=\"l-section wpb_row height_auto width_full\"><div class=\"l-section-h i-cf\"><div class=\"g-cols vc_row via_grid cols_1 laptops-cols_inherit tablets-cols_inherit mobiles-cols_1 valign_top type_default stacking_default\"><div class=\"wpb_column vc_column_container\"><div class=\"vc_column-inner\"><div class=\"wpb_text_column\"><div class=\"wpb_wrapper\"><h2>These extras are included<\/h2>\n<p>Fresh towels, a newly made bed, and an interim cleaning, without you having to worry about it yourself: From the second week, this is automatically included once a week \u2013 a value of approximately \u20ac110 for 14 nights.<\/p>\n<h3>Conditions: What you should know about booking your vacation apartment<\/h3>\n<ul>\n<li><strong>Minimum stay:<\/strong> 14 nights<\/li>\n<li><strong>Discount:<\/strong> 25% off the overnight rate<\/li>\n<li><strong>Categories:<\/strong> Loft, one-bedroom apartment, two-bedroom apartment<\/li>\n<li><strong>Excluded:<\/strong> all apartments with private sauna<\/li>\n<li><strong>Travel period:<\/strong> 2026-11-02 to 2027-02-28 (New Year&#8217;s Eve excluded)<\/li>\n<li><strong>Combinability:<\/strong> cannot be combined with our early bird discount; discount codes are also not applicable<\/li>\n<\/ul>\n<\/div><\/div><div class=\"w-separator size_small\"><\/div><\/div><\/div><\/div><\/div><\/section><section class=\"l-section wpb_row height_auto width_full\"><div class=\"l-section-h i-cf\"><div class=\"g-cols vc_row via_grid cols_1 laptops-cols_inherit tablets-cols_inherit mobiles-cols_1 valign_top type_default stacking_default\"><div class=\"wpb_column vc_column_container\"><div class=\"vc_column-inner\"><div class=\"w-separator size_small\"><\/div><div class=\"w-image align_none\"><div class=\"w-image-h\"><img decoding=\"async\" width=\"1024\" height=\"683\" src=\"https:\/\/ostkueste.com\/wp-content\/uploads\/wohnzimmer-fensterfront-sessel-meer-office-usedom-1024x683.jpg\" class=\"attachment-large size-large\" alt=\"Zwei dunkelt\u00fcrkise Sessel stehen um einen kleinen runden Tisch vor einer gro\u00dfen, bodentiefen Fensterfront mit Vorh\u00e4ngen und Ausblick in die Natur.\" loading=\"lazy\" srcset=\"https:\/\/ostkueste.com\/wp-content\/uploads\/wohnzimmer-fensterfront-sessel-meer-office-usedom-1024x683.jpg 1024w, https:\/\/ostkueste.com\/wp-content\/uploads\/wohnzimmer-fensterfront-sessel-meer-office-usedom-300x200.jpg 300w, https:\/\/ostkueste.com\/wp-content\/uploads\/wohnzimmer-fensterfront-sessel-meer-office-usedom-200x133.jpg 200w, https:\/\/ostkueste.com\/wp-content\/uploads\/wohnzimmer-fensterfront-sessel-meer-office-usedom-750x500.jpg 750w, https:\/\/ostkueste.com\/wp-content\/uploads\/wohnzimmer-fensterfront-sessel-meer-office-usedom-500x333.jpg 500w, https:\/\/ostkueste.com\/wp-content\/uploads\/wohnzimmer-fensterfront-sessel-meer-office-usedom.jpg 1300w\" sizes=\"auto, (max-width: 1024px) 100vw, 1024px\" \/><\/div><\/div><div class=\"w-separator size_small\"><\/div><\/div><\/div><\/div><\/div><\/section><section class=\"l-section wpb_row height_auto width_full\"><div class=\"l-section-h i-cf\"><div class=\"g-cols vc_row via_grid cols_1 laptops-cols_inherit tablets-cols_inherit mobiles-cols_1 valign_top type_default stacking_default\"><div class=\"wpb_column vc_column_container\"><div class=\"vc_column-inner\"><div class=\"wpb_text_column\"><div class=\"wpb_wrapper\"><h2>For whom a longer stay is particularly worthwhile: Holiday apartment on Usedom with a dog, with family, as a couple, or for work<\/h2>\n<p>Couples who love the quiet off-season treat themselves to a complete getaway for two with an extended stay \u2014 time for long breakfasts and walks without a fixed plan.<\/p>\n<p>Families who want to spend their holidays in peace use the quiet weeks in November or January for a longer stay with plenty of space \u2014 without having to pack twice.<\/p>\n<p>Architecture lovers get enough time with two weeks or more to discover each of our historic villas at their leisure, instead of just getting a brief impression.<\/p>\n<p>Those who work remotely can simply move their home office to the sea for a few weeks: fast Wi-Fi, a quiet workspace in the apartment, and five minutes to the beach after the last call. Home office becomes Sea Office \u2014 and because the discount applies from 14 nights, this model fits perfectly: work where others vacation, without using up vacation days. <\/p>\n<p>And those who book their holiday apartment on Usedom with a dog will enjoy long, deserted walks on the dog beach of Heringsdorf or Ahlbeck \u2014 day after day, without any time pressure.<\/p>\n<\/div><\/div><div class=\"w-separator size_medium\"><\/div><\/div><\/div><\/div><\/div><\/section><section class=\"l-section wpb_row height_auto width_full\"><div class=\"l-section-h i-cf\"><div class=\"g-cols vc_row via_grid cols_1 laptops-cols_inherit tablets-cols_inherit mobiles-cols_1 valign_top type_default stacking_default\"><div class=\"wpb_column vc_column_container\"><div class=\"vc_column-inner\"><h3 class=\"w-text\"><span class=\"w-text-h\"><span class=\"w-text-value\">Frequently asked questions about the early bird discount for your Baltic Sea vacation on Usedom<\/span><\/span><\/h3><div class=\"w-tabs accordion toggle_style_1 has_scrolling\" style=\"--sections-title-size:inherit;--sections-gap:0.5rem;\"><div class=\"w-tabs-sections titles-align_none icon_chevron cpos_right\"><div class=\"w-tabs-section\" id=\"m437\" itemscope itemprop=\"mainEntity\" itemtype=\"https:\/\/schema.org\/Question\"><button type=\"button\" class=\"w-tabs-section-header\" aria-controls=\"content-m437\" aria-expanded=\"false\"><div class=\"w-tabs-section-title\" itemprop=\"name\">From how many nights does the discount for the extended stay apply?<\/div><div class=\"w-tabs-section-control\"><\/div><\/button><div  class=\"w-tabs-section-content\" id=\"content-m437\" itemscope itemprop=\"acceptedAnswer\" itemtype=\"https:\/\/schema.org\/Answer\"><div class=\"w-tabs-section-content-h i-cf\" itemprop=\"text\"><div class=\"wpb_text_column\"><div class=\"wpb_wrapper\"><p>From a minimum stay of 14 nights.<\/p>\n<\/div><\/div><\/div><\/div><\/div><div class=\"w-tabs-section\" id=\"d5ec\" itemscope itemprop=\"mainEntity\" itemtype=\"https:\/\/schema.org\/Question\"><button type=\"button\" class=\"w-tabs-section-header\" aria-controls=\"content-d5ec\" aria-expanded=\"false\"><div class=\"w-tabs-section-title\" itemprop=\"name\">How much is the discount?<\/div><div class=\"w-tabs-section-control\"><\/div><\/button><div  class=\"w-tabs-section-content\" id=\"content-d5ec\" itemscope itemprop=\"acceptedAnswer\" itemtype=\"https:\/\/schema.org\/Answer\"><div class=\"w-tabs-section-content-h i-cf\" itemprop=\"text\"><div class=\"wpb_text_column\"><div class=\"wpb_wrapper\"><p><span data-contrast=\"auto\" lang=\"DE-DE\" class=\"TextRun SCXW82662304 BCX0\"><span class=\"NormalTextRun SCXW82662304 BCX0\">25%<span> <\/span><\/span><span class=\"NormalTextRun SCXW82662304 BCX0\">off the overnight rate<\/span><span class=\"NormalTextRun SCXW82662304 BCX0\"><span> <\/span>for the entire duration of the stay.<\/span><\/span><span class=\"EOP Selected SCXW82662304 BCX0\" data-ccp-props=\"{\"335559739\":60}\"> <\/span><\/p>\n<\/div><\/div><\/div><\/div><\/div><div class=\"w-tabs-section\" id=\"b6fa\" itemscope itemprop=\"mainEntity\" itemtype=\"https:\/\/schema.org\/Question\"><button type=\"button\" class=\"w-tabs-section-header\" aria-controls=\"content-b6fa\" aria-expanded=\"false\"><div class=\"w-tabs-section-title\" itemprop=\"name\">Which apartments are eligible for the extended stay offer?<\/div><div class=\"w-tabs-section-control\"><\/div><\/button><div  class=\"w-tabs-section-content\" id=\"content-b6fa\" itemscope itemprop=\"acceptedAnswer\" itemtype=\"https:\/\/schema.org\/Answer\"><div class=\"w-tabs-section-content-h i-cf\" itemprop=\"text\"><div class=\"wpb_text_column\"><div class=\"wpb_wrapper\"><p>All categories from lofts to two-bedroom apartments. Apartments with private saunas are excluded.<\/p>\n<\/div><\/div><\/div><\/div><\/div><div class=\"w-tabs-section\" id=\"wa20\" itemscope itemprop=\"mainEntity\" itemtype=\"https:\/\/schema.org\/Question\"><button type=\"button\" class=\"w-tabs-section-header\" aria-controls=\"content-wa20\" aria-expanded=\"false\"><div class=\"w-tabs-section-title\" itemprop=\"name\">When can I book my extended stay?<\/div><div class=\"w-tabs-section-control\"><\/div><\/button><div  class=\"w-tabs-section-content\" id=\"content-wa20\" itemscope itemprop=\"acceptedAnswer\" itemtype=\"https:\/\/schema.org\/Answer\"><div class=\"w-tabs-section-content-h i-cf\" itemprop=\"text\"><div class=\"wpb_text_column\"><div class=\"wpb_wrapper\"><p><span data-contrast=\"auto\" lang=\"DE-DE\" class=\"TextRun SCXW171069727 BCX0\"><span class=\"NormalTextRun SCXW171069727 BCX0\">For the travel period from 2026-11-02 to 2027-02-28, excluding New Year&#8217;s Eve. Since the entire stay must fall within this period, the last possible arrival date is 2027-02-14. <\/span><\/span><span class=\"EOP Selected SCXW171069727 BCX0\" data-ccp-props=\"{\"335559739\":60}\"> <\/span><\/p>\n<\/div><\/div><\/div><\/div><\/div><div class=\"w-tabs-section\" id=\"cba6\" itemscope itemprop=\"mainEntity\" itemtype=\"https:\/\/schema.org\/Question\"><button type=\"button\" class=\"w-tabs-section-header\" aria-controls=\"content-cba6\" aria-expanded=\"false\"><div class=\"w-tabs-section-title\" itemprop=\"name\">What is included with the extended stay?<\/div><div class=\"w-tabs-section-control\"><\/div><\/button><div  class=\"w-tabs-section-content\" id=\"content-cba6\" itemscope itemprop=\"acceptedAnswer\" itemtype=\"https:\/\/schema.org\/Answer\"><div class=\"w-tabs-section-content-h i-cf\" itemprop=\"text\"><div class=\"wpb_text_column\"><div class=\"wpb_wrapper\"><p><span data-contrast=\"auto\" lang=\"DE-DE\" class=\"TextRun SCXW52915132 BCX0\"><span class=\"NormalTextRun SCXW52915132 BCX0\">Weekly interim cleaning as well as towel and linen change \u2014 at no extra charge.<\/span><\/span><span class=\"EOP Selected SCXW52915132 BCX0\" data-ccp-props=\"{\"335559739\":60}\"> <\/span><\/p>\n<\/div><\/div><\/div><\/div><\/div><div class=\"w-tabs-section\" id=\"wc99\" itemscope itemprop=\"mainEntity\" itemtype=\"https:\/\/schema.org\/Question\"><button type=\"button\" class=\"w-tabs-section-header\" aria-controls=\"content-wc99\" aria-expanded=\"false\"><div class=\"w-tabs-section-title\" itemprop=\"name\">Does the discount also apply to the final cleaning?<\/div><div class=\"w-tabs-section-control\"><\/div><\/button><div  class=\"w-tabs-section-content\" id=\"content-wc99\" itemscope itemprop=\"acceptedAnswer\" itemtype=\"https:\/\/schema.org\/Answer\"><div class=\"w-tabs-section-content-h i-cf\" itemprop=\"text\"><div class=\"wpb_text_column\"><div class=\"wpb_wrapper\"><p><span data-contrast=\"auto\" lang=\"DE-DE\" class=\"TextRun SCXW129624415 BCX0\"><span class=\"NormalTextRun SCXW129624415 BCX0\">No, the discount only applies<span> <\/span><\/span><span class=\"NormalTextRun SCXW129624415 BCX0\">to the overnight rate<\/span><span class=\"NormalTextRun SCXW129624415 BCX0\">. Final cleaning and tourist tax are added as usual.<\/span><\/span><span class=\"EOP Selected SCXW129624415 BCX0\" data-ccp-props=\"{\"335559739\":60}\"> <\/span><\/p>\n<\/div><\/div><\/div><\/div><\/div><div class=\"w-tabs-section\" id=\"od73\" itemscope itemprop=\"mainEntity\" itemtype=\"https:\/\/schema.org\/Question\"><button type=\"button\" class=\"w-tabs-section-header\" aria-controls=\"content-od73\" aria-expanded=\"false\"><div class=\"w-tabs-section-title\" itemprop=\"name\">Can I work in the apartment?<\/div><div class=\"w-tabs-section-control\"><\/div><\/button><div  class=\"w-tabs-section-content\" id=\"content-od73\" itemscope itemprop=\"acceptedAnswer\" itemtype=\"https:\/\/schema.org\/Answer\"><div class=\"w-tabs-section-content-h i-cf\" itemprop=\"text\"><div class=\"wpb_text_column\"><div class=\"wpb_wrapper\"><p>Yes. All apartments have fast Wi-Fi and a workspace \u2014 for a few weeks of Sea Office instead of Home Office. It&#8217;s particularly pleasant in the quiet off-season: empty beaches and the tranquility to work with focus.<\/p>\n<\/div><\/div><\/div><\/div><\/div><div class=\"w-tabs-section\" id=\"kfd3\" itemscope itemprop=\"mainEntity\" itemtype=\"https:\/\/schema.org\/Question\"><button type=\"button\" class=\"w-tabs-section-header\" aria-controls=\"content-kfd3\" aria-expanded=\"false\"><div class=\"w-tabs-section-title\" itemprop=\"name\">What if I want to stay less than 14 nights?<\/div><div class=\"w-tabs-section-control\"><\/div><\/button><div  class=\"w-tabs-section-content\" id=\"content-kfd3\" itemscope itemprop=\"acceptedAnswer\" itemtype=\"https:\/\/schema.org\/Answer\"><div class=\"w-tabs-section-content-h i-cf\" itemprop=\"text\"><div class=\"wpb_text_column\"><div class=\"wpb_wrapper\"><p><span data-contrast=\"auto\" lang=\"DE-DE\" class=\"TextRun SCXW122298553 BCX0\"><span class=\"NormalTextRun SCXW122298553 BCX0\">Then take a look at our early bird discount: 10%<span> <\/span><\/span><span class=\"NormalTextRun SCXW122298553 BCX0\">off the overnight rate<\/span><span class=\"NormalTextRun SCXW122298553 BCX0\"><span> <\/span>when booking at least 30 days before arrival.<\/span><\/span><span class=\"EOP Selected SCXW122298553 BCX0\" data-ccp-props=\"{\"335559739\":60}\"> <\/span><\/p>\n<\/div><\/div><\/div><\/div><\/div><div class=\"w-tabs-section\" id=\"a2a2\" itemscope itemprop=\"mainEntity\" itemtype=\"https:\/\/schema.org\/Question\"><button type=\"button\" class=\"w-tabs-section-header\" aria-controls=\"content-a2a2\" aria-expanded=\"false\"><div class=\"w-tabs-section-title\" itemprop=\"name\">What if I want to stay less than 14 nights?<\/div><div class=\"w-tabs-section-control\"><\/div><\/button><div  class=\"w-tabs-section-content\" id=\"content-a2a2\" itemscope itemprop=\"acceptedAnswer\" itemtype=\"https:\/\/schema.org\/Answer\"><div class=\"w-tabs-section-content-h i-cf\" itemprop=\"text\"><div class=\"wpb_text_column\"><div class=\"wpb_wrapper\"><p><span data-contrast=\"auto\" lang=\"DE-DE\" class=\"TextRun SCXW122298553 BCX0\"><span class=\"NormalTextRun SCXW122298553 BCX0\">Then take a look at our <a href=\"https:\/\/ostkueste.com\/en\/magazine\/imperial-spas-usedom-exclusive-accommodations\/early-bird-discount-usedom-save-10-on-your-holiday-apartment-in-autumn-and-winter\/\">early bird discount<\/a>: 10%<span> <\/span><\/span><span class=\"NormalTextRun SCXW122298553 BCX0\">off the overnight rate<\/span><span class=\"NormalTextRun SCXW122298553 BCX0\"><span> <\/span>when booking at least 30 days before arrival.<\/span><\/span><span class=\"EOP Selected SCXW122298553 BCX0\" data-ccp-props=\"{\"335559739\":60}\"> <\/span><\/p>\n<\/div><\/div><\/div><\/div><\/div><\/div><\/div><\/div><\/div><\/div><\/div><\/section>\n","protected":false},"excerpt":{"rendered":"Ein lichtdurchflutetes Schlafzimmer verbindet klassisches Fischgr\u00e4tparkett mit klarem Design-Komfort. Perfekte Voraussetzungen f\u00fcr erholsame N\u00e4chte und ein stilvolles Zuhause auf Zeit.","protected":false},"author":1,"featured_media":8550,"comment_status":"closed","ping_status":"closed","sticky":false,"template":"","format":"standard","meta":{"_acf_changed":false,"footnotes":""},"categories":[65],"tags":[],"class_list":["post-8626","post","type-post","status-publish","format-standard","has-post-thumbnail","hentry","category-imperial-spas-usedom-exclusive-accommodations"],"acf":[],"_links":{"self":[{"href":"https:\/\/ostkueste.com\/en\/wp-json\/wp\/v2\/posts\/8626","targetHints":{"allow":["GET"]}}],"collection":[{"href":"https:\/\/ostkueste.com\/en\/wp-json\/wp\/v2\/posts"}],"about":[{"href":"https:\/\/ostkueste.com\/en\/wp-json\/wp\/v2\/types\/post"}],"author":[{"embeddable":true,"href":"https:\/\/ostkueste.com\/en\/wp-json\/wp\/v2\/users\/1"}],"replies":[{"embeddable":true,"href":"https:\/\/ostkueste.com\/en\/wp-json\/wp\/v2\/comments?post=8626"}],"version-history":[{"count":6,"href":"https:\/\/ostkueste.com\/en\/wp-json\/wp\/v2\/posts\/8626\/revisions"}],"predecessor-version":[{"id":8633,"href":"https:\/\/ostkueste.com\/en\/wp-json\/wp\/v2\/posts\/8626\/revisions\/8633"}],"wp:featuredmedia":[{"embeddable":true,"href":"https:\/\/ostkueste.com\/en\/wp-json\/wp\/v2\/media\/8550"}],"wp:attachment":[{"href":"https:\/\/ostkueste.com\/en\/wp-json\/wp\/v2\/media?parent=8626"}],"wp:term":[{"taxonomy":"category","embeddable":true,"href":"https:\/\/ostkueste.com\/en\/wp-json\/wp\/v2\/categories?post=8626"},{"taxonomy":"post_tag","embeddable":true,"href":"https:\/\/ostkueste.com\/en\/wp-json\/wp\/v2\/tags?post=8626"}],"curies":[{"name":"wp","href":"https:\/\/api.w.org\/{rel}","templated":true}]}}