{"id":8471,"date":"2026-08-18T13:44:44","date_gmt":"2026-08-18T13:44:44","guid":{"rendered":"https:\/\/ostkueste.com\/unkategorisiert\/vacation-with-children-on-usedom-excursion-destinations-for-families-in-any-weather\/"},"modified":"2026-08-21T12:52:44","modified_gmt":"2026-08-21T12:52:44","slug":"vacation-with-children-on-usedom-excursion-destinations-for-families-in-any-weather","status":"publish","type":"post","link":"https:\/\/ostkueste.com\/en\/magazine\/island-impulses\/vacation-with-children-on-usedom-excursion-destinations-for-families-in-any-weather\/","title":{"rendered":"Vacation with Children on Usedom: Excursion Destinations for Families in Any Weather"},"content":{"rendered":"<section class=\"l-section wpb_row height_auto width_full\"><div class=\"l-section-h i-cf\"><div class=\"g-cols vc_row via_grid cols_1 laptops-cols_inherit tablets-cols_inherit mobiles-cols_1 valign_top type_default stacking_default\"><div class=\"wpb_column vc_column_container\"><div class=\"vc_column-inner\"><div class=\"wpb_text_column\"><div class=\"wpb_wrapper\"><p>Hardly are the suitcases unpacked in the apartment when the children&#8217;s first question usually comes: &#8220;What are we doing today?&#8221; The good news: Usedom offers an astonishing variety of excursion destinations, activities, and events especially for families all year round \u2013 and especially during holiday periods. Throughout the summer, the Imperial Spas&#8217; summer festivals \u2013 Ahlbeck Summer Festival, Bansin Summer Festival, and the Heringsdorf Glamour Days \u2013 extend over several weeks across the island, featuring carousels, theater performances, acrobatics, concerts, and bumper cars. A special highlight is also New Year&#8217;s Eve: between Christmas and January 5th, the island becomes truly festive again: the Winter Market in Heringsdorf with rides, stalls, children&#8217;s fireworks, and a children&#8217;s program makes the island a short high season \u2013 a contrasting program to New Year&#8217;s Eve in the big city.   <\/p>\n<p>From the free play beach with a daily changing program to the Ferris wheel on the promenade: The Imperial Spas offer a range of events worth considering when planning your vacation. Therefore, a look at the <a href=\"https:\/\/www.kaiserbaeder-auf-usedom.de\/veranstaltungskalender\/\" target=\"_blank\" rel=\"noopener\">Usedom Imperial Spas event calendar<\/a> is essential for every<\/p>\n<\/div><\/div><div class=\"w-separator size_small\"><\/div><div class=\"wpb_text_column\"><div class=\"wpb_wrapper\"><h2>vacation planning \u2013 there you will find up-to-date information on what is specifically offered during your stay.<\/h2>\n<p>As hosts of the OSTK\u00dcSTE Boutique Apartments, we know the island not from a travel guide, but from our own family life. In this overview, we show you our favorite places. We love the highlights on the promenade, but a trip to the hinterland is also particularly worthwhile: between fields and the Achterwasser, you can experience agriculture and nature up close \u2013 whether feeding horses, cows, and sheep on one of the farms in the hinterland or observing bison in the Bison Park.  <\/p>\n<p>More tips directly on site: <strong>Feel free to visit us with your children at our guest reception at Seestra\u00dfe 8, 17419 Seebad Ahlbeck<\/strong> \u2013 our OSTK\u00dcSTE team knows the current events and often has a personal recommendation or two ready.<\/p>\n<\/div><\/div><\/div><\/div><\/div><\/div><\/section><section class=\"l-section wpb_row height_auto width_full\"><div class=\"l-section-h i-cf\"><div class=\"g-cols vc_row via_grid cols_1 laptops-cols_inherit tablets-cols_inherit mobiles-cols_1 valign_top type_default stacking_default\"><div class=\"wpb_column vc_column_container\"><div class=\"vc_column-inner\"><div class=\"w-separator size_medium\"><\/div><div class=\"wpb_text_column\"><div class=\"wpb_wrapper\"><h2>Nature on Usedom with Children: Outdoors in the Fresh Baltic Sea Air<\/h2>\n<p>Usedom thrives on its nature \u2013 and it&#8217;s particularly easy to discover it at eye level with children.<\/p>\n<\/div><\/div><div class=\"w-separator size_small\"><\/div><\/div><\/div><\/div><\/div><\/section><section class=\"l-section wpb_row height_auto width_full\"><div class=\"l-section-h i-cf\"><div class=\"g-cols vc_row via_grid cols_1 laptops-cols_inherit tablets-cols_inherit mobiles-cols_1 valign_top type_default stacking_default\"><div class=\"wpb_column vc_column_container\"><div class=\"vc_column-inner\"><div class=\"wpb_text_column us_custom_dcfe0545\"><div class=\"wpb_wrapper\"><h3><span data-contrast=\"none\" lang=\"DE-DE\" class=\"TextRun SCXW174397979 BCX0\"><span class=\"NormalTextRun SCXW174397979 BCX0\" data-ccp-parastyle=\"heading 3\">Heringsdorf Tree Top Walk<\/span><\/span><span class=\"EOP Selected SCXW174397979 BCX0\" data-ccp-props=\"{\"335559738\":200,\"335559739\":80}\"> <\/span><\/h3>\n<\/div><\/div><div class=\"g-cols wpb_row via_grid cols_1 laptops-cols_inherit tablets-cols_inherit mobiles-cols_1 valign_top type_default stacking_default\" style=\"--columns-gap:3rem;\"><div class=\"wpb_column vc_column_container\"><div class=\"vc_column-inner\"><div class=\"wpb_text_column us_custom_b1d58e61\"><div class=\"wpb_wrapper\"><h6><strong>At a Glance<\/strong><\/h6>\n<p><strong>Where:<\/strong> Am Bahnhof 12, 17424 Ostseebad Heringsdorf \u2013 directly at Heringsdorf train station<br \/>\n<strong>When:<\/strong> Open all year, approx. 9:30 AM\u20136:00 PM in high season (May\u2013Oct., longer on Thursdays), shorter hours in winter (approx. 9:30 AM\u20134:00 PM); last admission 1 hour before closing<br \/>\n<strong>For whom<\/strong>: All age groups, accessible for wheelchairs and strollers<br \/>\n<strong>Admission<\/strong>: Adults \u20ac14, children 6\u201314 years \u20ac12, under 6 years free, family ticket (2 adults + own children 6\u201314) \u20ac33<\/p>\n<\/div><\/div><\/div><\/div><\/div><div class=\"w-separator size_small\"><\/div><div class=\"wpb_text_column\"><div class=\"wpb_wrapper\"><p>On the path through the treetops, the forest suddenly becomes an adventure playground: suspension bridges, observation platforms, and a view over the Imperial Spas that amazes even adults.<\/p>\n<\/div><\/div><\/div><\/div><\/div><\/div><\/section><section class=\"l-section wpb_row height_auto width_full\"><div class=\"l-section-h i-cf\"><div class=\"g-cols vc_row via_grid cols_1 laptops-cols_inherit tablets-cols_inherit mobiles-cols_1 valign_top type_default stacking_default\"><div class=\"wpb_column vc_column_container\"><div class=\"vc_column-inner\"><div class=\"w-separator size_medium\"><\/div><div class=\"wpb_text_column us_custom_dcfe0545\"><div class=\"wpb_wrapper\"><h3>Heringsdorf Spa and Healing Forest<\/h3>\n<\/div><\/div><div class=\"g-cols wpb_row via_grid cols_1 laptops-cols_inherit tablets-cols_inherit mobiles-cols_1 valign_top type_default stacking_default\" style=\"--columns-gap:3rem;\"><div class=\"wpb_column vc_column_container\"><div class=\"vc_column-inner\"><div class=\"wpb_text_column us_custom_b1d58e61\"><div class=\"wpb_wrapper\"><h6><strong>At a Glance<\/strong><\/h6>\n<p><strong>Where:<\/strong> Bansiner Landweg 1, 17424 Heringsdorf<br \/>\n<strong>When:<\/strong> Freely accessible all year round, no fixed time slot<br \/>\n<strong>For whom:<\/strong> All age groups \u2013 including its own children&#8217;s healing forest with motor skills path and balancing stations<br \/>\nAdmission: Free<br \/>\n<strong>Extra:<\/strong> Forest yoga with yoga instructor Petra, Wednesdays 9:00 AM\u201310:00 AM, bi-weekly from August 12 to December 16, 2026, meeting point Gothener Landweg 1, Heringsdorf<\/p>\n<\/div><\/div><\/div><\/div><\/div><div class=\"w-separator size_small\"><\/div><div class=\"wpb_text_column\"><div class=\"wpb_wrapper\"><p><span data-contrast=\"none\" lang=\"DE-DE\" class=\"TextRun SCXW246850027 BCX0\"><span class=\"NormalTextRun SCXW246850027 BCX0\">Europe&#8217;s first Spa and<span> <\/span><\/span><span class=\"NormalTextRun SpellingErrorV2Themed SCXW246850027 BCX0\">Healing Forest<\/span><span class=\"NormalTextRun SCXW246850027 BCX0\"><span> <\/span>is located directly in Heringsdorf and is excellent for a quiet afternoon among trees instead of concrete. Its own children&#8217;s healing forest with motor skills and <span> <\/span><\/span><span class=\"NormalTextRun SpellingErrorV2Themed SCXW246850027 BCX0\">sensory path<\/span><span class=\"NormalTextRun SCXW246850027 BCX0\"><span> <\/span>makes the forest an experience even for the little ones. In summer, an open <span> <\/span><\/span><span class=\"NormalTextRun SpellingErrorV2Themed SCXW246850027 BCX0\">Forest Yoga<\/span><span class=\"NormalTextRun SCXW246850027 BCX0\"><span> <\/span>takes place here every two weeks on Wednesdays from 9:00 AM to 10:00 AM.<\/span><\/span><span class=\"EOP SCXW246850027 BCX0\" data-ccp-props=\"{\"335559739\":140}\"> <\/span><\/p>\n<\/div><\/div><\/div><\/div><\/div><\/div><\/section><section class=\"l-section wpb_row height_auto width_full\"><div class=\"l-section-h i-cf\"><div class=\"g-cols vc_row via_grid cols_1 laptops-cols_inherit tablets-cols_inherit mobiles-cols_1 valign_top type_default stacking_default\"><div class=\"wpb_column vc_column_container\"><div class=\"vc_column-inner\"><div class=\"w-separator size_medium\"><\/div><div class=\"wpb_text_column us_custom_dcfe0545\"><div class=\"wpb_wrapper\"><h3>Bansin Tropical Zoo<\/h3>\n<\/div><\/div><div class=\"g-cols wpb_row via_grid cols_1 laptops-cols_inherit tablets-cols_inherit mobiles-cols_1 valign_top type_default stacking_default\" style=\"--columns-gap:3rem;\"><div class=\"wpb_column vc_column_container\"><div class=\"vc_column-inner\"><div class=\"wpb_text_column us_custom_b1d58e61\"><div class=\"wpb_wrapper\"><h6><strong>At a Glance<\/strong><\/h6>\n<p><strong>Where:<\/strong> Goethestra\u00dfe 10, 17429 Seebad Bansin<br \/>\n<strong>When:<\/strong> Open daily, 365 days a year: approx. 10:00 AM\u20136:00 PM (summer), 10:00 AM\u20134:00 PM (winter)<br \/>\n<strong>For whom:<\/strong> Especially younger children; tour takes approx. 30\u201360 minutes<br \/>\n<strong>Weather:<\/strong> Mostly indoor areas, well suited for rain<br \/>\nAdmission: Adults \u20ac14.50, children 3\u201314 years \u20ac8.50, under 3 years free<\/p>\n<\/div><\/div><\/div><\/div><\/div><div class=\"w-separator size_small\"><\/div><div class=\"wpb_text_column\"><div class=\"wpb_wrapper\"><p>Among palms, parrots, and small monkeys, even weather-hardened North Germans forget for a few hours that the Baltic Sea is roaring outside \u2013 a popular destination for families with younger children.<\/p>\n<\/div><\/div><\/div><\/div><\/div><\/div><\/section><section class=\"l-section wpb_row height_auto width_full\"><div class=\"l-section-h i-cf\"><div class=\"g-cols vc_row via_grid cols_1 laptops-cols_inherit tablets-cols_inherit mobiles-cols_1 valign_top type_default stacking_default\"><div class=\"wpb_column vc_column_container\"><div class=\"vc_column-inner\"><div class=\"w-separator size_medium\"><\/div><div class=\"wpb_text_column us_custom_dcfe0545\"><div class=\"wpb_wrapper\"><h3>Karls Erlebnis-Dorf Koserow (Karl&#8217;s Adventure Village Koserow)<\/h3>\n<\/div><\/div><div class=\"g-cols wpb_row via_grid cols_1 laptops-cols_inherit tablets-cols_inherit mobiles-cols_1 valign_top type_default stacking_default\" style=\"--columns-gap:3rem;\"><div class=\"wpb_column vc_column_container\"><div class=\"vc_column-inner\"><div class=\"wpb_text_column us_custom_b1d58e61\"><div class=\"wpb_wrapper\"><h6><strong>At a Glance<\/strong><\/h6>\n<p><strong>Where:<\/strong> Zum Erlebnisdorf 1, 17459 Koserow<br \/>\n<strong>When:<\/strong> Open daily all year round 8:00 AM\u20137:00 PM, in July\/August until 8:00 PM\u20139:00 PM<br \/>\n<strong>For whom:<\/strong> Kindergarten to elementary school age, but also interesting for older children due to the farmer&#8217;s market and gastronomy<br \/>\n<strong>Admission:<\/strong> Free \u2013 individual attractions (rides, ice world) cost extra or can be used with a day ticket for approx. \u20ac15 per person (from 90 cm height)<br \/>\n<strong>On site:<\/strong> Caf\u00e9, farmer&#8217;s market, adventure gastronomy<\/p>\n<\/div><\/div><\/div><\/div><\/div><div class=\"w-separator size_small\"><\/div><div class=\"wpb_text_column\"><div class=\"wpb_wrapper\"><p>Tire slide, farm animals, and a caf\u00e9 with a selection of cakes that allows children to stay longer than planned. Karls Erlebnis-Dorf also fits well with a hinterland excursion in terms of distance \u2013 more on that below.<\/p>\n<\/div><\/div><\/div><\/div><\/div><\/div><\/section><section class=\"l-section wpb_row height_small width_full\"><div class=\"l-section-h i-cf\"><div class=\"g-cols vc_row via_grid cols_1 laptops-cols_inherit tablets-cols_inherit mobiles-cols_1 valign_top type_default stacking_default\"><div class=\"wpb_column vc_column_container us_custom_50e8e1e4\"><div class=\"vc_column-inner\"><div class=\"wpb_text_column\"><div class=\"wpb_wrapper\"><p><span data-contrast=\"none\" lang=\"DE-DE\" class=\"TextRun SCXW166770239 BCX0\"><span class=\"NormalTextRun SCXW166770239 BCX0\">Are you already planning your family vacation on Usedom? Discover our family apartments in Heringsdorf and Ahlbeck and secure enough space for all the excursions yet to come. <\/span><\/span><span class=\"EOP Selected SCXW166770239 BCX0\" data-ccp-props=\"{\"335559738\":200,\"335559739\":100}\"> <\/span><\/p>\n<\/div><\/div><div class=\"w-btn-wrapper align_left\"><a class=\"w-btn us-btn-style_1\" href=\"https:\/\/buchen.ostkueste.com\/recommendation?hc=GV519405&amp;nr=2-5&amp;lsp=1_LOFT_STANDARD&amp;lsp=1_LOFT_STANDARD&amp;cs=LT-LT_APART&amp;custom=1\"><span class=\"w-btn-label\">Family Apartments in Heringsdorf and Ahlbeck<\/span><\/a><\/div><\/div><\/div><\/div><\/div><\/section><section class=\"l-section wpb_row height_auto width_full\"><div class=\"l-section-h i-cf\"><div class=\"g-cols vc_row via_grid cols_1 laptops-cols_inherit tablets-cols_inherit mobiles-cols_1 valign_top type_default stacking_default\"><div class=\"wpb_column vc_column_container\"><div class=\"vc_column-inner\"><div class=\"wpb_text_column\"><div class=\"wpb_wrapper\"><h2>Usedom in the Rain: The Best Bad Weather Tips for Families with Children<\/h2>\n<p>If the Baltic Sea wind is too fresh for the beach, Usedom offers plenty of indoor destinations \u2013 from interactive exhibitions to theater performances.<\/p>\n<\/div><\/div><div class=\"w-separator size_small\"><\/div><\/div><\/div><\/div><\/div><\/section><section class=\"l-section wpb_row height_auto width_full\"><div class=\"l-section-h i-cf\"><div class=\"g-cols vc_row via_grid cols_1 laptops-cols_inherit tablets-cols_inherit mobiles-cols_1 valign_top type_default stacking_default\"><div class=\"wpb_column vc_column_container\"><div class=\"vc_column-inner\"><div class=\"wpb_text_column us_custom_dcfe0545\"><div class=\"wpb_wrapper\"><h3>OstseeTherme Ahlbeck (Baltic Sea Thermal Spa Ahlbeck)<\/h3>\n<\/div><\/div><div class=\"g-cols wpb_row via_grid cols_1 laptops-cols_inherit tablets-cols_inherit mobiles-cols_1 valign_top type_default stacking_default\" style=\"--columns-gap:3rem;\"><div class=\"wpb_column vc_column_container\"><div class=\"vc_column-inner\"><div class=\"wpb_text_column us_custom_b1d58e61\"><div class=\"wpb_wrapper\"><h6><strong>At a Glance<\/strong><\/h6>\n<p><strong>Where:<\/strong> Lindenstra\u00dfe 60, 17419 Seebad Ahlbeck \u2013 approx. 200 m from the beach<br \/>\n<strong>When:<\/strong> Open all year round, except for a few maintenance days; check exact daily opening hours online before your visit<br \/>\n<strong>For whom:<\/strong> All age groups, own water playground for children<br \/>\n<strong>Admission to the bathing area (without sauna world):<\/strong><\/p>\n<ul>\n<li>2 hours: Adults \u20ac11.50 | Children (1 m to 17 years) \u20ac8.50<\/li>\n<li>3 hours: Adults \u20ac13.00 | Children \u20ac10.00 | Family (2 adults + up to 2 children) \u20ac35.50<\/li>\n<li>Day ticket: Adults \u20ac15.00 | Children \u20ac12.00 | Family \u20ac41.50<\/li>\n<li>Toddlers (under 1 m): flat rate \u20ac2.50<\/li>\n<li>Family Extra: Each additional child on the family day ticket or 3-hour ticket \u20ac5.50<\/li>\n<\/ul>\n<p><strong>Good to know:<\/strong> Six swimming pools, some with Heringsdorf iodine brine, two heated outdoor pools, sunbathing lawn, observation tower with Baltic Sea view<\/p>\n<\/div><\/div><\/div><\/div><\/div><div class=\"w-separator size_small\"><\/div><div class=\"wpb_text_column\"><div class=\"wpb_wrapper\"><p><span data-contrast=\"none\" lang=\"DE-DE\" class=\"TextRun SCXW258642673 BCX0\"><span class=\"NormalTextRun SCXW258642673 BCX0\">Iodine-rich water, a water playground for the little ones, and a view of the Baltic Sea, even if no one wants to swim outside \u2013 well suited for a full rainy day with the family.<\/span><\/span><span class=\"EOP Selected SCXW258642673 BCX0\" data-ccp-props=\"{\"335559739\":140}\"> <\/span><\/p>\n<\/div><\/div><\/div><\/div><\/div><\/div><\/section><section class=\"l-section wpb_row height_auto width_full\"><div class=\"l-section-h i-cf\"><div class=\"g-cols vc_row via_grid cols_1 laptops-cols_inherit tablets-cols_inherit mobiles-cols_1 valign_top type_default stacking_default\"><div class=\"wpb_column vc_column_container\"><div class=\"vc_column-inner\"><div class=\"w-separator size_medium\"><\/div><div class=\"wpb_text_column us_custom_dcfe0545\"><div class=\"wpb_wrapper\"><h3>Theater Tent Chapeau Rouge, Heringsdorf<\/h3>\n<\/div><\/div><div class=\"g-cols wpb_row via_grid cols_1 laptops-cols_inherit tablets-cols_inherit mobiles-cols_1 valign_top type_default stacking_default\" style=\"--columns-gap:3rem;\"><div class=\"wpb_column vc_column_container\"><div class=\"vc_column-inner\"><div class=\"wpb_text_column us_custom_b1d58e61\"><div class=\"wpb_wrapper\"><h6><strong>At a Glance<\/strong><\/h6>\n<p><strong>Where:<\/strong> Strandpromenade 999, 17424 Heringsdorf, directly at the fairground<br \/>\n<strong>When:<\/strong> Seasonal, late May to early September; mornings are usually reserved for children&#8217;s plays, evenings the ensemble performs for adults<br \/>\n<strong>For whom:<\/strong> Puppet theater and children&#8217;s plays for families; evenings more cabaret\/classics for adults<br \/>\n<strong>Tickets:<\/strong> Ticket service daily 2:00 PM\u20135:00 PM, Tel. 03971 268 88 00; current program in the Vorpommersche Landesb\u00fchne schedule<\/p>\n<\/div><\/div><\/div><\/div><\/div><div class=\"w-separator size_small\"><\/div><div class=\"wpb_text_column\"><div class=\"wpb_wrapper\"><p><span data-contrast=\"none\" lang=\"DE-DE\" class=\"TextRun SCXW76331117 BCX0\"><span class=\"NormalTextRun SCXW76331117 BCX0\">A former circus tent that became a theater: In summer, special performances for young guests \u2013 puppet shows and fairy tales that even adults enjoy \u2013 are held here in the mornings.<\/span><\/span><span class=\"EOP Selected SCXW76331117 BCX0\" data-ccp-props=\"{\"335559739\":140}\"> <\/span><\/p>\n<\/div><\/div><div class=\"w-separator size_small\"><\/div><div class=\"w-image align_none\"><div class=\"w-image-h\"><img decoding=\"async\" width=\"1796\" height=\"2560\" src=\"https:\/\/ostkueste.com\/wp-content\/uploads\/riesenrad-heringsdorf-kinderwagen-promenade-scaled.jpg\" class=\"attachment-full size-full\" alt=\"Kleinkind im gr\u00fcnen Pullover geht an einem Kinderwagen vorbei auf ein wei\u00dfes Riesenrad und rote Containergeb\u00e4ude in Heringsdorf zu.\" loading=\"lazy\" srcset=\"https:\/\/ostkueste.com\/wp-content\/uploads\/riesenrad-heringsdorf-kinderwagen-promenade-scaled.jpg 1796w, https:\/\/ostkueste.com\/wp-content\/uploads\/riesenrad-heringsdorf-kinderwagen-promenade-211x300.jpg 211w, https:\/\/ostkueste.com\/wp-content\/uploads\/riesenrad-heringsdorf-kinderwagen-promenade-719x1024.jpg 719w, https:\/\/ostkueste.com\/wp-content\/uploads\/riesenrad-heringsdorf-kinderwagen-promenade-140x200.jpg 140w, https:\/\/ostkueste.com\/wp-content\/uploads\/riesenrad-heringsdorf-kinderwagen-promenade-351x500.jpg 351w, https:\/\/ostkueste.com\/wp-content\/uploads\/riesenrad-heringsdorf-kinderwagen-promenade-234x333.jpg 234w\" sizes=\"auto, (max-width: 1796px) 100vw, 1796px\" \/><\/div><\/div><div class=\"w-separator size_small\"><\/div><\/div><\/div><\/div><\/div><\/section><section class=\"l-section wpb_row height_auto width_full\"><div class=\"l-section-h i-cf\"><div class=\"g-cols vc_row via_grid cols_1 laptops-cols_inherit tablets-cols_inherit mobiles-cols_1 valign_top type_default stacking_default\"><div class=\"wpb_column vc_column_container\"><div class=\"vc_column-inner\"><div class=\"w-separator size_medium\"><\/div><div class=\"wpb_text_column us_custom_dcfe0545\"><div class=\"wpb_wrapper\"><h3>Tractor World Museum, Usedom Town<\/h3>\n<\/div><\/div><div class=\"g-cols wpb_row via_grid cols_1 laptops-cols_inherit tablets-cols_inherit mobiles-cols_1 valign_top type_default stacking_default\" style=\"--columns-gap:3rem;\"><div class=\"wpb_column vc_column_container\"><div class=\"vc_column-inner\"><div class=\"wpb_text_column us_custom_b1d58e61\"><div class=\"wpb_wrapper\"><h6><strong>At a Glance<\/strong><\/h6>\n<p><b><span data-contrast=\"auto\">Where: <\/span><\/b><span data-contrast=\"auto\">Stolper Stra\u00dfe 1d, 17406 Usedom<\/span><span data-ccp-props=\"{\"335559739\":30}\"><br \/>\n<\/span><b><span data-contrast=\"auto\">When: <\/span><\/b><span data-contrast=\"auto\">Seasonal, usually Easter to October; opening days according to operator Wed\u2013Sun approx. 11:00 AM\u20134:00 PM, Mon\/Tue closed [Check: opening hours vary by source, volunteer-run museum]<\/span><span data-ccp-props=\"{\"335559739\":30}\"><br \/>\n<\/span><b><span data-contrast=\"auto\">For whom: <\/span><\/b><span data-contrast=\"auto\">Farm machinery fans of all ages, particularly popular with technology-enthusiastic children<\/span><span data-ccp-props=\"{\"335559739\":30}\"><br \/>\n<\/span><b><span data-contrast=\"auto\">Weather: <\/span><\/b><span data-contrast=\"auto\">The approx. 480 m\u00b2 hall is covered, the 7,000 m\u00b2 outdoor area with further exhibits is not \u2013 in case of rain, the hall is particularly worthwhile<br \/>\n<\/span><b><span data-contrast=\"auto\">Admission: <\/span><\/b>Adults \u20ac5.00, children up to 16 years \u20ac2.00<\/p>\n<\/div><\/div><\/div><\/div><\/div><div class=\"w-separator size_small\"><\/div><div class=\"wpb_text_column\"><div class=\"wpb_wrapper\"><p><span data-contrast=\"none\" lang=\"DE-DE\" class=\"TextRun SCXW62095842 BCX0\"><span class=\"NormalTextRun SCXW62095842 BCX0\">Around fifty tractors and agricultural machines from a hundred years of German agricultural technology, collected by volunteers and lovingly explained. An insider tip for families who want to experience a short, tangible piece of agricultural history between rain showers. <\/span><\/span><span class=\"EOP Selected SCXW62095842 BCX0\" data-ccp-props=\"{\"335559739\":140}\"> <\/span><\/p>\n<\/div><\/div><\/div><\/div><\/div><\/div><\/section><section class=\"l-section wpb_row height_auto width_full\"><div class=\"l-section-h i-cf\"><div class=\"g-cols vc_row via_grid cols_1 laptops-cols_inherit tablets-cols_inherit mobiles-cols_1 valign_top type_default stacking_default\"><div class=\"wpb_column vc_column_container\"><div class=\"vc_column-inner\"><div class=\"w-separator size_medium\"><\/div><div class=\"wpb_text_column us_custom_dcfe0545\"><div class=\"wpb_wrapper\"><h3>Indoor Mini Golf Pudagla<\/h3>\n<\/div><\/div><div class=\"g-cols wpb_row via_grid cols_1 laptops-cols_inherit tablets-cols_inherit mobiles-cols_1 valign_top type_default stacking_default\" style=\"--columns-gap:3rem;\"><div class=\"wpb_column vc_column_container\"><div class=\"vc_column-inner\"><div class=\"wpb_text_column us_custom_b1d58e61\"><div class=\"wpb_wrapper\"><h6><strong>At a Glance<\/strong><\/h6>\n<p><strong>Where:<\/strong> Am Sandfeld 2, 17429 Pudagla<br \/>\n<strong>When:<\/strong> Daily 11:00 AM\u20135:00 PM (last admission)<br \/>\n<strong>For whom:<\/strong> From kindergarten age, 36 holes on two courses<br \/>\n<strong>Weather:<\/strong> Completely covered \u2013 usable all year round regardless of rain<br \/>\n<strong>Admission:<\/strong> Adults \u20ac7.50, children up to 18 years \u20ac6.00 (1 x 18 holes)<br \/>\nAdults \u20ac14.00, children up to 18 years \u20ac11.00 (1 x 36 holes)<\/p>\n<\/div><\/div><\/div><\/div><\/div><div class=\"w-separator size_small\"><\/div><div class=\"wpb_text_column\"><div class=\"wpb_wrapper\"><p>The island&#8217;s largest indoor mini-golf course with movable obstacles and modern lighting technology \u2013 a reliable afternoon plan for the whole family, especially on rainy days.<\/p>\n<\/div><\/div><\/div><\/div><\/div><\/div><\/section><section class=\"l-section wpb_row height_auto width_full\"><div class=\"l-section-h i-cf\"><div class=\"g-cols vc_row via_grid cols_1 laptops-cols_inherit tablets-cols_inherit mobiles-cols_1 valign_top type_default stacking_default\"><div class=\"wpb_column vc_column_container\"><div class=\"vc_column-inner\"><div class=\"w-separator size_medium\"><\/div><div class=\"wpb_text_column us_custom_dcfe0545\"><div class=\"wpb_wrapper\"><h3>Peenem\u00fcnde: Three Museums for a Full Day Trip<\/h3>\n<\/div><\/div><div class=\"wpb_text_column\"><div class=\"wpb_wrapper\"><p>Peenem\u00fcnde is located at the northern end of the island \u2013 about an hour&#8217;s drive for most of our guests. The journey is worthwhile if you plan a full day and combine several museums, instead of spontaneously driving there for an afternoon: <\/p>\n<ul>\n<li><strong>Ph\u00e4nomenta Peenem\u00fcnde<\/strong> \u2013 over 300 hands-on experiments on 3,000 m\u00b2, from kindergarten age, daily 10:00 AM\u20136:00 PM, adults \u20ac16, children 7\u201317 years \u20ac13.50, 3\u20136 years \u20ac9.50.<\/li>\n<li><strong>Historical-Technical Museum Peenem\u00fcnde<\/strong> \u2013 the history of rocket development, including its dark side (forced labor during Nazism); more suitable for elementary school age and older children.<\/li>\n<li><strong>Maritime Museum &#8220;U-461&#8221;<\/strong> \u2013 walk-in submarine right next door, also more for elementary school age and older.<\/li>\n<\/ul>\n<\/div><\/div><\/div><\/div><\/div><\/div><\/section><section class=\"l-section wpb_row height_auto width_full\"><div class=\"l-section-h i-cf\"><div class=\"g-cols vc_row via_grid cols_1 laptops-cols_inherit tablets-cols_inherit mobiles-cols_1 valign_top type_default stacking_default\"><div class=\"wpb_column vc_column_container\"><div class=\"vc_column-inner\"><div class=\"w-separator size_small\"><\/div><div class=\"w-image align_none meta_modern\"><div class=\"w-image-h\"><img decoding=\"async\" width=\"1024\" height=\"682\" src=\"https:\/\/ostkueste.com\/wp-content\/uploads\/historisch-technisches-museum-peenemuende-luftaufnahme-1024x682.jpg\" class=\"attachment-large size-large\" alt=\"Drohnenaufnahme des historischen Backstein-Kraftwerks in Peenem\u00fcnde mit Stahl-F\u00f6rderbr\u00fccke im Abendlicht.\" loading=\"lazy\" srcset=\"https:\/\/ostkueste.com\/wp-content\/uploads\/historisch-technisches-museum-peenemuende-luftaufnahme-1024x682.jpg 1024w, https:\/\/ostkueste.com\/wp-content\/uploads\/historisch-technisches-museum-peenemuende-luftaufnahme-300x200.jpg 300w, https:\/\/ostkueste.com\/wp-content\/uploads\/historisch-technisches-museum-peenemuende-luftaufnahme-200x133.jpg 200w, https:\/\/ostkueste.com\/wp-content\/uploads\/historisch-technisches-museum-peenemuende-luftaufnahme-750x500.jpg 750w, https:\/\/ostkueste.com\/wp-content\/uploads\/historisch-technisches-museum-peenemuende-luftaufnahme-500x333.jpg 500w\" sizes=\"auto, (max-width: 1024px) 100vw, 1024px\" \/><div class=\"w-image-meta\"><div class=\"w-image-title\">\u00a9 Usedom Tourismus GmbH \/ Marc B\u00e4chtold<\/div><div class=\"w-image-description\">Das imposante Backsteingeb\u00e4ude des Kraftwerks in Peenem\u00fcnde erstrahlt im warmen Licht des Sp\u00e4tnachmittags. Die eindrucksvolle Industriearchitektur z\u00e4hlt zu den kulturellen H\u00f6hepunkten Usedoms.<\/div><\/div><\/div><\/div><div class=\"w-separator size_small\"><\/div><div class=\"wpb_text_column us_custom_2eb928b4\"><div class=\"wpb_wrapper\"><p><strong>Small literary tip for quiet rainy hours:<\/strong> In Villa Irmgard in Heringsdorf (Maxim-Gorki-Stra\u00dfe 13), changing exhibitions show who spent their summer holidays on Usedom \u2013 from Maxim Gorki to Thomas Mann. More for adults and older children interested in history than for an exciting family afternoon.<\/p>\n<\/div><\/div><\/div><\/div><\/div><\/div><\/section><section class=\"l-section wpb_row height_auto width_full\"><div class=\"l-section-h i-cf\"><div class=\"g-cols vc_row via_grid cols_1 laptops-cols_inherit tablets-cols_inherit mobiles-cols_1 valign_top type_default stacking_default\"><div class=\"wpb_column vc_column_container\"><div class=\"vc_column-inner\"><div class=\"w-separator size_medium\"><\/div><div class=\"wpb_text_column\"><div class=\"wpb_wrapper\"><h2>Climbing, Romping, Cycling: Active with Children on Usedom and the Baltic Sea<\/h2>\n<\/div><\/div><div class=\"w-separator size_small\"><\/div><\/div><\/div><\/div><\/div><\/section><section class=\"l-section wpb_row height_auto width_full\"><div class=\"l-section-h i-cf\"><div class=\"g-cols vc_row via_grid cols_1 laptops-cols_inherit tablets-cols_inherit mobiles-cols_1 valign_top type_default stacking_default\"><div class=\"wpb_column vc_column_container\"><div class=\"vc_column-inner\"><div class=\"wpb_text_column us_custom_dcfe0545\"><div class=\"wpb_wrapper\"><h3>Usedom Climbing Forest, Neu Pudagla<\/h3>\n<\/div><\/div><div class=\"g-cols wpb_row via_grid cols_1 laptops-cols_inherit tablets-cols_inherit mobiles-cols_1 valign_top type_default stacking_default\" style=\"--columns-gap:3rem;\"><div class=\"wpb_column vc_column_container\"><div class=\"vc_column-inner\"><div class=\"wpb_text_column us_custom_b1d58e61\"><div class=\"wpb_wrapper\"><h6><strong>At a Glance<\/strong><\/h6>\n<p><strong>Where:<\/strong> B111 near Neu Pudagla\/\u00dcckeritz, 17459 \u00dcckeritz (Neu Pudagla train stop, approx. 5 minutes walk)<br \/>\n<strong>When:<\/strong> Season 2026: March 27 to October 31, opening hours vary by month between 10:00 AM\u20135:00 PM and 10:00 AM\u20137:00 PM<br \/>\n<strong>For whom:<\/strong> From 6 years and 1 m height, five courses of varying difficulty up to 14 m high<br \/>\n<strong>Admission:<\/strong> Adults approx. \u20ac24, children\/teenagers depending on age approx. \u20ac15\u2013\u20ac21; accompanying persons without climbing free<br \/>\n<strong>Duration:<\/strong> Approx. 2 hours climbing time<\/p>\n<\/div><\/div><\/div><\/div><\/div><div class=\"w-separator size_small\"><\/div><div class=\"wpb_text_column\"><div class=\"wpb_wrapper\"><p><span data-contrast=\"none\" lang=\"DE-DE\" class=\"TextRun SCXW12585567 BCX0\"><span class=\"NormalTextRun SCXW12585567 BCX0\">Courses of varying difficulty, so that even the youngest members of the family can climb along, while the older ones venture to the higher platforms.<\/span><\/span><span class=\"EOP Selected SCXW12585567 BCX0\" data-ccp-props=\"{\"335559739\":140}\"> <\/span><\/p>\n<\/div><\/div><div class=\"w-separator size_small\"><\/div><div class=\"w-image align_none meta_modern\"><div class=\"w-image-h\"><img decoding=\"async\" width=\"1024\" height=\"681\" src=\"https:\/\/ostkueste.com\/wp-content\/uploads\/kletterwald-ueckeritz-hochseilgarten-outdoor-1024x681.jpg\" class=\"attachment-large size-large\" alt=\"Mann und Frau mit Klettergurt und Handschuhen balancieren auf H\u00e4ngebr\u00fccken zwischen hohen Laubb\u00e4umen in einem Hochseilgarten.\" loading=\"lazy\" srcset=\"https:\/\/ostkueste.com\/wp-content\/uploads\/kletterwald-ueckeritz-hochseilgarten-outdoor-1024x681.jpg 1024w, https:\/\/ostkueste.com\/wp-content\/uploads\/kletterwald-ueckeritz-hochseilgarten-outdoor-300x200.jpg 300w, https:\/\/ostkueste.com\/wp-content\/uploads\/kletterwald-ueckeritz-hochseilgarten-outdoor-200x133.jpg 200w, https:\/\/ostkueste.com\/wp-content\/uploads\/kletterwald-ueckeritz-hochseilgarten-outdoor-750x500.jpg 750w, https:\/\/ostkueste.com\/wp-content\/uploads\/kletterwald-ueckeritz-hochseilgarten-outdoor-500x333.jpg 500w\" sizes=\"auto, (max-width: 1024px) 100vw, 1024px\" \/><div class=\"w-image-meta\"><div class=\"w-image-title\">UTG\/MarTiem Fotografie<\/div><div class=\"w-image-description\">Ein Paar sichert sich gespannt in den Seilelementen des Kletterwalds \u00dcckeritz hoch in den Buchenkronen. Aktivurlaub in der Natur verbindet Nervenkitzel mit erholsamer Waldluft.<\/div><\/div><\/div><\/div><\/div><\/div><\/div><\/div><\/section><section class=\"l-section wpb_row height_auto width_full\"><div class=\"l-section-h i-cf\"><div class=\"g-cols vc_row via_grid cols_1 laptops-cols_inherit tablets-cols_inherit mobiles-cols_1 valign_top type_default stacking_default\"><div class=\"wpb_column vc_column_container\"><div class=\"vc_column-inner\"><div class=\"w-separator size_medium\"><\/div><div class=\"wpb_text_column us_custom_dcfe0545\"><div class=\"wpb_wrapper\"><h3>Mini Golf Dune Oasis, Heringsdorf<\/h3>\n<\/div><\/div><div class=\"g-cols wpb_row via_grid cols_1 laptops-cols_inherit tablets-cols_inherit mobiles-cols_1 valign_top type_default stacking_default\" style=\"--columns-gap:3rem;\"><div class=\"wpb_column vc_column_container\"><div class=\"vc_column-inner\"><div class=\"wpb_text_column us_custom_b1d58e61\"><div class=\"wpb_wrapper\"><h6><strong>At a Glance<\/strong><\/h6>\n<p><strong>Where:<\/strong> Dune Oasis Heringsdorf<br \/>\n<strong>When:<\/strong> Seasonal approx. April\/May to October, usually daily approx. 11:00 AM\u20136:00 PM<br \/>\n<strong>For whom:<\/strong> From kindergarten age<br \/>\n<strong>Weather:<\/strong> Outdoor; weather-independent alternative: Indoor Mini Golf Pudagla<br \/>\n<strong>Admission:<\/strong> Approx. \u20ac8 per person, with bistro and bar directly at the facility<\/p>\n<\/div><\/div><\/div><\/div><\/div><div class=\"w-separator size_small\"><\/div><div class=\"wpb_text_column\"><div class=\"wpb_wrapper\"><p>A round of mini golf with a view of the green and a break at the bistro next door \u2013 easily accessible on foot from the apartments in Heringsdorf.<\/p>\n<\/div><\/div><\/div><\/div><\/div><\/div><\/section><section class=\"l-section wpb_row height_auto width_full\"><div class=\"l-section-h i-cf\"><div class=\"g-cols vc_row via_grid cols_1 laptops-cols_inherit tablets-cols_inherit mobiles-cols_1 valign_top type_default stacking_default\"><div class=\"wpb_column vc_column_container\"><div class=\"vc_column-inner\"><div class=\"w-separator size_medium\"><\/div><div class=\"wpb_text_column us_custom_dcfe0545\"><div class=\"wpb_wrapper\"><h3>Ahlbeck Sports Beach: Activity directly on the Baltic Sea Beach<\/h3>\n<\/div><\/div><div class=\"g-cols wpb_row via_grid cols_1 laptops-cols_inherit tablets-cols_inherit mobiles-cols_1 valign_top type_default stacking_default\" style=\"--columns-gap:3rem;\"><div class=\"wpb_column vc_column_container\"><div class=\"vc_column-inner\"><div class=\"wpb_text_column us_custom_b1d58e61\"><div class=\"wpb_wrapper\"><h6><strong>At a Glance<\/strong><\/h6>\n<p><strong>Where:<\/strong> Between the Ahlbeck and Heringsdorf piers<br \/>\n<strong>When:<\/strong> April to October<br \/>\n<strong>For whom:<\/strong> All age groups \u2013 beach volleyball, beach soccer, beach handball, sandcastle competition, children&#8217;s beach olympics<br \/>\n<strong>Admission:<\/strong> Most offers are free; SUP rental \u20ac5\/hour, yoga \u20ac10\/hour<\/p>\n<\/div><\/div><\/div><\/div><\/div><div class=\"w-separator size_small\"><\/div><div class=\"wpb_text_column\"><div class=\"wpb_wrapper\"><p>Sandcastle competitions, beach Olympics, and yoga directly by the water: The sports beach between Ahlbeck and Heringsdorf is active all spring and summer \u2013 ideal for letting off steam after a day at the beach.<\/p>\n<\/div><\/div><\/div><\/div><\/div><\/div><\/section><section class=\"l-section wpb_row height_auto width_full\"><div class=\"l-section-h i-cf\"><div class=\"g-cols vc_row via_grid cols_1 laptops-cols_inherit tablets-cols_inherit mobiles-cols_1 valign_top type_default stacking_default\"><div class=\"wpb_column vc_column_container\"><div class=\"vc_column-inner\"><div class=\"w-separator size_medium\"><\/div><div class=\"wpb_text_column us_custom_dcfe0545\"><div class=\"wpb_wrapper\"><h3>Ferris Wheel and Carousel on the Promenade<\/h3>\n<\/div><\/div><div class=\"wpb_text_column\"><div class=\"wpb_wrapper\"><p>In summer, a Ferris wheel \u2013 currently the &#8220;Circle of Life&#8221; \u2013 and a carousel regularly turn on the promenade in Heringsdorf. As these are seasonally changing rides, the offerings may vary slightly from year to year; a look at the current event calendar is worthwhile.<\/p>\n<\/div><\/div><div class=\"w-separator size_small\"><\/div><div class=\"w-image align_none\"><div class=\"w-image-h\"><img decoding=\"async\" width=\"1024\" height=\"910\" src=\"https:\/\/ostkueste.com\/wp-content\/uploads\/historisches-karussell-promenade-heringsdorf-1024x910.jpg\" class=\"attachment-large size-large\" alt=\"Klassisches Kinderkarussell mit bunten Holzpferden und gelb-rot-gr\u00fcnem Dach auf einer Wiese mit bl\u00fchenden Blumen.\" loading=\"lazy\" srcset=\"https:\/\/ostkueste.com\/wp-content\/uploads\/historisches-karussell-promenade-heringsdorf-1024x910.jpg 1024w, https:\/\/ostkueste.com\/wp-content\/uploads\/historisches-karussell-promenade-heringsdorf-300x267.jpg 300w, https:\/\/ostkueste.com\/wp-content\/uploads\/historisches-karussell-promenade-heringsdorf-200x178.jpg 200w, https:\/\/ostkueste.com\/wp-content\/uploads\/historisches-karussell-promenade-heringsdorf-563x500.jpg 563w, https:\/\/ostkueste.com\/wp-content\/uploads\/historisches-karussell-promenade-heringsdorf-375x333.jpg 375w\" sizes=\"auto, (max-width: 1024px) 100vw, 1024px\" \/><\/div><\/div><\/div><\/div><\/div><\/div><\/section><section class=\"l-section wpb_row height_auto width_full\"><div class=\"l-section-h i-cf\"><div class=\"g-cols vc_row via_grid cols_1 laptops-cols_inherit tablets-cols_inherit mobiles-cols_1 valign_top type_default stacking_default\"><div class=\"wpb_column vc_column_container\"><div class=\"vc_column-inner\"><div class=\"w-separator size_small\"><\/div><div class=\"wpb_text_column us_custom_dcfe0545\"><div class=\"wpb_wrapper\"><h3><span data-contrast=\"none\" lang=\"DE-DE\" class=\"TextRun SCXW67487892 BCX0\"><span class=\"NormalTextRun SCXW67487892 BCX0\" data-ccp-parastyle=\"heading 3\">Ahlbeck Skate and Basketball Court<\/span><\/span><span class=\"EOP Selected SCXW67487892 BCX0\" data-ccp-props=\"{\"335559738\":200,\"335559739\":80}\"> <\/span><\/h3>\n<\/div><\/div><div class=\"wpb_text_column\"><div class=\"wpb_wrapper\"><p><span data-contrast=\"none\" lang=\"DE-DE\" class=\"TextRun SCXW197003308 BCX0\"><span class=\"NormalTextRun SCXW197003308 BCX0\">On the promenade in Ahlbeck, there is also a skate park and a basketball court \u2013 a good activity for older children and teenagers who want to spend some time without their parents.<\/span><\/span><span class=\"EOP Selected SCXW197003308 BCX0\" data-ccp-props=\"{\"335559739\":140}\"> <\/span><\/p>\n<\/div><\/div><\/div><\/div><\/div><\/div><\/section><section class=\"l-section wpb_row height_auto width_full\"><div class=\"l-section-h i-cf\"><div class=\"g-cols vc_row via_grid cols_1 laptops-cols_inherit tablets-cols_inherit mobiles-cols_1 valign_top type_default stacking_default\"><div class=\"wpb_column vc_column_container\"><div class=\"vc_column-inner\"><div class=\"w-separator size_medium\"><\/div><div class=\"wpb_text_column us_custom_dcfe0545\"><div class=\"wpb_wrapper\"><h3>Bicycle Rental in Heringsdorf and Ahlbeck: Cycling with Children<\/h3>\n<\/div><\/div><div class=\"g-cols wpb_row via_grid cols_1 laptops-cols_inherit tablets-cols_inherit mobiles-cols_1 valign_top type_default stacking_default\" style=\"--columns-gap:3rem;\"><div class=\"wpb_column vc_column_container\"><div class=\"vc_column-inner\"><div class=\"wpb_text_column us_custom_b1d58e61\"><div class=\"wpb_wrapper\"><h6><strong>At a Glance<\/strong><\/h6>\n<p><strong>Where:<\/strong> Several rental stations directly in Heringsdorf (incl. Delbr\u00fcckstr.) and Ahlbeck (incl. Lindenstr.)<br \/>\n<strong>When:<\/strong> Seasonal, usually open daily from morning to evening<br \/>\n<strong>For whom:<\/strong> Children&#8217;s bikes, trailers for one to two children, child seats up to 25 kg, and handcarts for beach luggage are available from several providers<br \/>\n<strong>Prices:<\/strong> Daily rental classic bicycle from approx. \u20ac10\u2013\u20ac15, children&#8217;s bike\/trailer additional charge depending on provider<br \/>\n<strong>Good to know:<\/strong> Low-traffic promenade paths in the Imperial Spas make cycling with children particularly relaxed<\/p>\n<\/div><\/div><\/div><\/div><\/div><div class=\"w-separator size_small\"><\/div><div class=\"wpb_text_column\"><div class=\"wpb_wrapper\"><p><span data-contrast=\"none\" lang=\"DE-DE\" class=\"TextRun SCXW198510596 BCX0\"><span class=\"NormalTextRun SCXW198510596 BCX0\">The Imperial Spas are deliberately<span> <\/span><\/span><span class=\"NormalTextRun SpellingErrorV2Themed SCXW198510596 BCX0\">low-traffic<\/span><span class=\"NormalTextRun SCXW198510596 BCX0\"><span> <\/span>\u2013 ideal for cycling safely with children from the promenade to the next excursion destination. Rental bikes are available directly in Heringsdorf and Ahlbeck. <\/span><\/span><span class=\"EOP Selected SCXW198510596 BCX0\" data-ccp-props=\"{\"335559739\":140}\"> <\/span><\/p>\n<\/div><\/div><div class=\"w-separator size_small\"><\/div><div class=\"w-image align_none meta_modern\"><div class=\"w-image-h\"><img decoding=\"async\" width=\"1024\" height=\"683\" src=\"https:\/\/ostkueste.com\/wp-content\/uploads\/radtour-achterwasser-usedom-kinder-fahrrad-1024x683.jpg\" class=\"attachment-large size-large\" alt=\"Zwei M\u00e4dchen auf gelben Fahrr\u00e4dern fahren auf einem gepflasterten Radweg parallel zu einem Gew\u00e4sser und gr\u00fcnen Schilffeldern.\" loading=\"lazy\" srcset=\"https:\/\/ostkueste.com\/wp-content\/uploads\/radtour-achterwasser-usedom-kinder-fahrrad-1024x683.jpg 1024w, https:\/\/ostkueste.com\/wp-content\/uploads\/radtour-achterwasser-usedom-kinder-fahrrad-300x200.jpg 300w, https:\/\/ostkueste.com\/wp-content\/uploads\/radtour-achterwasser-usedom-kinder-fahrrad-200x133.jpg 200w, https:\/\/ostkueste.com\/wp-content\/uploads\/radtour-achterwasser-usedom-kinder-fahrrad-750x500.jpg 750w, https:\/\/ostkueste.com\/wp-content\/uploads\/radtour-achterwasser-usedom-kinder-fahrrad-500x333.jpg 500w\" sizes=\"auto, (max-width: 1024px) 100vw, 1024px\" \/><div class=\"w-image-meta\"><div class=\"w-image-title\">\u00a9 Usedom Tourismus GmbH \/ MarTiem Fotografie<\/div><div class=\"w-image-description\">Zwei M\u00e4dchen radeln vergn\u00fcgt auf dem gepflasterten Deichweg am malerischen Achterwasser entlang. Die idyllische Naturkulisse Usedoms er\u00f6ffnet perfekte Weiten f\u00fcr unbeschwerte Familienausfl\u00fcge.<\/div><\/div><\/div><\/div><\/div><\/div><\/div><\/div><\/section><section class=\"l-section wpb_row height_auto width_full\"><div class=\"l-section-h i-cf\"><div class=\"g-cols vc_row via_grid cols_1 laptops-cols_inherit tablets-cols_inherit mobiles-cols_1 valign_top type_default stacking_default\"><div class=\"wpb_column vc_column_container\"><div class=\"vc_column-inner\"><div class=\"w-separator size_medium\"><\/div><div class=\"wpb_text_column\"><div class=\"wpb_wrapper\"><h2>Playgrounds on Usedom: The 3 Best for Families in Heringsdorf and Ahlbeck<\/h2>\n<p>Sometimes you don&#8217;t need a big excursion \u2013 just the right playground. Our three favorites from the Imperial Spas:<\/p>\n<\/div><\/div><div class=\"w-separator size_small\"><\/div><\/div><\/div><\/div><\/div><\/section><section class=\"l-section wpb_row height_auto width_full\"><div class=\"l-section-h i-cf\"><div class=\"g-cols vc_row via_grid cols_1 laptops-cols_inherit tablets-cols_inherit mobiles-cols_1 valign_top type_default stacking_default\"><div class=\"wpb_column vc_column_container\"><div class=\"vc_column-inner\"><div class=\"w-separator size_medium\"><\/div><div class=\"wpb_text_column us_custom_dcfe0545\"><div class=\"wpb_wrapper\"><h3>Pirate Playground, Heringsdorf<\/h3>\n<\/div><\/div><div class=\"g-cols wpb_row via_grid cols_1 laptops-cols_inherit tablets-cols_inherit mobiles-cols_1 valign_top type_default stacking_default\" style=\"--columns-gap:3rem;\"><div class=\"wpb_column vc_column_container\"><div class=\"vc_column-inner\"><div class=\"wpb_text_column us_custom_b1d58e61\"><div class=\"wpb_wrapper\"><h6><strong>At a Glance<\/strong><\/h6>\n<p><strong>Where:<\/strong> Strandpromenade near Badstra\u00dfe, 17424 Heringsdorf, directly at the play beach<br \/>\n<strong>For whom:<\/strong> Older kindergarten and elementary school children<\/p>\n<\/div><\/div><\/div><\/div><\/div><div class=\"w-separator size_small\"><\/div><div class=\"wpb_text_column\"><div class=\"wpb_wrapper\"><p><span data-contrast=\"none\" lang=\"DE-DE\" class=\"TextRun SCXW161971333 BCX0\"><span class=\"NormalTextRun SCXW161971333 BCX0\">A large pirate ship with a climbing wall, lookout, and hammock, plus a pirate castle with a slide and &#8220;wreckage&#8221; for climbing. Right next door is the play beach, which offers a changing program daily during the summer holidays. <\/span><\/span><span class=\"EOP Selected SCXW161971333 BCX0\" data-ccp-props=\"{\"335559739\":140}\"> <\/span><\/p>\n<\/div><\/div><div class=\"w-separator size_small\"><\/div><div class=\"w-image align_none\"><div class=\"w-image-h\"><img decoding=\"async\" width=\"1920\" height=\"2560\" src=\"https:\/\/ostkueste.com\/wp-content\/uploads\/piratenspielplatz-heringsdorf-kaiserbaeder-scaled.jpg\" class=\"attachment-full size-full\" alt=\"Gro\u00dfes Spielschiff aus Holz mit Rutschen und Schaukeln auf einem Sandplatz unter schattenspendenden Laubb\u00e4umen im Sonnenlicht.\" loading=\"lazy\" srcset=\"https:\/\/ostkueste.com\/wp-content\/uploads\/piratenspielplatz-heringsdorf-kaiserbaeder-scaled.jpg 1920w, https:\/\/ostkueste.com\/wp-content\/uploads\/piratenspielplatz-heringsdorf-kaiserbaeder-225x300.jpg 225w, https:\/\/ostkueste.com\/wp-content\/uploads\/piratenspielplatz-heringsdorf-kaiserbaeder-768x1024.jpg 768w, https:\/\/ostkueste.com\/wp-content\/uploads\/piratenspielplatz-heringsdorf-kaiserbaeder-150x200.jpg 150w, https:\/\/ostkueste.com\/wp-content\/uploads\/piratenspielplatz-heringsdorf-kaiserbaeder-375x500.jpg 375w, https:\/\/ostkueste.com\/wp-content\/uploads\/piratenspielplatz-heringsdorf-kaiserbaeder-250x333.jpg 250w\" sizes=\"auto, (max-width: 1920px) 100vw, 1920px\" \/><\/div><\/div><\/div><\/div><\/div><\/div><\/section><section class=\"l-section wpb_row height_auto width_full\"><div class=\"l-section-h i-cf\"><div class=\"g-cols vc_row via_grid cols_1 laptops-cols_inherit tablets-cols_inherit mobiles-cols_1 valign_top type_default stacking_default\"><div class=\"wpb_column vc_column_container\"><div class=\"vc_column-inner\"><div class=\"w-separator size_medium\"><\/div><div class=\"wpb_text_column us_custom_dcfe0545\"><div class=\"wpb_wrapper\"><h3>Ahlbeck Westend Playground + Main Tower Playground and Active Promenade with Calisthenics Park, Ahlbeck<\/h3>\n<\/div><\/div><div class=\"g-cols wpb_row via_grid cols_1 laptops-cols_inherit tablets-cols_inherit mobiles-cols_1 valign_top type_default stacking_default\" style=\"--columns-gap:3rem;\"><div class=\"wpb_column vc_column_container\"><div class=\"vc_column-inner\"><div class=\"wpb_text_column us_custom_b1d58e61\"><div class=\"wpb_wrapper\"><h6><strong>At a Glance<\/strong><\/h6>\n<p><strong>Where:<\/strong> D\u00fcnenstra\u00dfe 59-60, Seebad Ahlbeck, Strandpromenade \/ Promenade Ahlbeck<br \/>\n<strong>For whom:<\/strong> All age groups<\/p>\n<\/div><\/div><\/div><\/div><\/div><div class=\"w-separator size_small\"><\/div><div class=\"wpb_text_column\"><div class=\"wpb_wrapper\"><p><span data-contrast=\"none\" lang=\"DE-DE\" class=\"TextRun SCXW117516717 BCX0\"><span class=\"NormalTextRun SCXW117516717 BCX0\">In Ahlbeck, there are several playgrounds: Starting with the Westend playground with a connected<span> <\/span><\/span><span class=\"NormalTextRun SpellingErrorV2Themed SCXW117516717 BCX0\">Active Promenade<\/span><span class=\"NormalTextRun SCXW117516717 BCX0\"><span> <\/span>that allows young and old to be active together. After the pier, there is the playground <span> <\/span><\/span><span class=\"NormalTextRun SCXW117516717 BCX0\">with a tower (a bit<span> <\/span><\/span><span class=\"NormalTextRun SCXW117516717 BCX0\">shadier) with a<span> <\/span><\/span><span class=\"NormalTextRun SCXW117516717 BCX0\">s<\/span><span class=\"NormalTextRun SCXW117516717 BCX0\">li<\/span><span class=\"NormalTextRun SCXW117516717 BCX0\">de,<span> <\/span><\/span><span class=\"NormalTextRun SCXW117516717 BCX0\">swing, and climbing garden.<span> <\/span><\/span><span class=\"NormalTextRun ContextualSpellingAndGrammarErrorV2Themed SCXW117516717 BCX0\">WC building<\/span><span class=\"NormalTextRun SCXW117516717 BCX0\"><span> <\/span>directly at the playground.<\/span><\/span><span class=\"EOP Selected SCXW117516717 BCX0\" data-ccp-props=\"{\"201341983\":0,\"335559739\":140,\"335559740\":259}\"> <\/span><\/p>\n<\/div><\/div><div class=\"w-separator size_small\"><\/div><div class=\"w-image align_none\"><div class=\"w-image-h\"><img decoding=\"async\" width=\"1920\" height=\"2560\" src=\"https:\/\/ostkueste.com\/wp-content\/uploads\/aktivpromenade-ahlbeck-fitness-spielplatz.jpg-scaled.jpg\" class=\"attachment-full size-full\" alt=\"Aktivspielplatz mit Buchstabe-Aufdrucken auf dem Fallschutzboden und Edelstahl-Sportger\u00e4ten unter einer baumbestandenen Promenade.\" loading=\"lazy\" srcset=\"https:\/\/ostkueste.com\/wp-content\/uploads\/aktivpromenade-ahlbeck-fitness-spielplatz.jpg-scaled.jpg 1920w, https:\/\/ostkueste.com\/wp-content\/uploads\/aktivpromenade-ahlbeck-fitness-spielplatz.jpg-225x300.jpg 225w, https:\/\/ostkueste.com\/wp-content\/uploads\/aktivpromenade-ahlbeck-fitness-spielplatz.jpg-768x1024.jpg 768w, https:\/\/ostkueste.com\/wp-content\/uploads\/aktivpromenade-ahlbeck-fitness-spielplatz.jpg-150x200.jpg 150w, https:\/\/ostkueste.com\/wp-content\/uploads\/aktivpromenade-ahlbeck-fitness-spielplatz.jpg-375x500.jpg 375w, https:\/\/ostkueste.com\/wp-content\/uploads\/aktivpromenade-ahlbeck-fitness-spielplatz.jpg-250x333.jpg 250w\" sizes=\"auto, (max-width: 1920px) 100vw, 1920px\" \/><\/div><\/div><\/div><\/div><\/div><\/div><\/section><section class=\"l-section wpb_row height_auto width_full\"><div class=\"l-section-h i-cf\"><div class=\"g-cols vc_row via_grid cols_1 laptops-cols_inherit tablets-cols_inherit mobiles-cols_1 valign_top type_default stacking_default\"><div class=\"wpb_column vc_column_container\"><div class=\"vc_column-inner\"><div class=\"w-separator size_medium\"><\/div><div class=\"wpb_text_column us_custom_dcfe0545\"><div class=\"wpb_wrapper\"><h3>Squirrel Playground, Heringsdorf<\/h3>\n<\/div><\/div><div class=\"g-cols wpb_row via_grid cols_1 laptops-cols_inherit tablets-cols_inherit mobiles-cols_1 valign_top type_default stacking_default\" style=\"--columns-gap:3rem;\"><div class=\"wpb_column vc_column_container\"><div class=\"vc_column-inner\"><div class=\"wpb_text_column us_custom_b1d58e61\"><div class=\"wpb_wrapper\"><h6><strong>At a Glance<\/strong><\/h6>\n<p><strong>Where:<\/strong> Goethepark, corner of B\u00fclowstra\u00dfe\/Friedrichstra\u00dfe, Heringsdorf<br \/>\n<strong>For whom:<\/strong> Toddlers and younger kindergarten children<\/p>\n<\/div><\/div><\/div><\/div><\/div><div class=\"w-separator size_small\"><\/div><div class=\"wpb_text_column\"><div class=\"wpb_wrapper\"><p><span data-contrast=\"none\" lang=\"DE-DE\" class=\"TextRun SCXW42855267 BCX0\"><span class=\"NormalTextRun SCXW42855267 BCX0\">A small, quiet playground in the park with shade-giving trees and two slides<\/span><span class=\"NormalTextRun SCXW42855267 BCX0\"><span> <\/span>and three swings<\/span><span class=\"NormalTextRun SCXW42855267 BCX0\"><span> <\/span>for different age groups \u2013 ideal if you prefer something more manageable than the bustling Pirate Playground.<\/span><\/span><span class=\"EOP Selected SCXW42855267 BCX0\" data-ccp-props=\"{\"335559739\":140}\"> <\/span><\/p>\n<\/div><\/div><\/div><\/div><\/div><\/div><\/section><section class=\"l-section wpb_row height_auto width_full\"><div class=\"l-section-h i-cf\"><div class=\"g-cols vc_row via_grid cols_1 laptops-cols_inherit tablets-cols_inherit mobiles-cols_1 valign_top type_default stacking_default\"><div class=\"wpb_column vc_column_container\"><div class=\"vc_column-inner\"><div class=\"w-separator size_medium\"><\/div><div class=\"wpb_text_column\"><div class=\"wpb_wrapper\"><h2>On the Water: Boat Trips &#038; Water Sports with Children on Usedom<\/h2>\n<\/div><\/div><div class=\"w-separator size_small\"><\/div><\/div><\/div><\/div><\/div><\/section><section class=\"l-section wpb_row height_auto width_full\"><div class=\"l-section-h i-cf\"><div class=\"g-cols vc_row via_grid cols_1 laptops-cols_inherit tablets-cols_inherit mobiles-cols_1 valign_top type_default stacking_default\"><div class=\"wpb_column vc_column_container\"><div class=\"vc_column-inner\"><div class=\"w-separator size_small\"><\/div><div class=\"wpb_text_column us_custom_dcfe0545\"><div class=\"wpb_wrapper\"><h3>Adler Schiffahrt: Pier Hopping<\/h3>\n<\/div><\/div><div class=\"g-cols wpb_row via_grid cols_1 laptops-cols_inherit tablets-cols_inherit mobiles-cols_1 valign_top type_default stacking_default\" style=\"--columns-gap:3rem;\"><div class=\"wpb_column vc_column_container\"><div class=\"vc_column-inner\"><div class=\"wpb_text_column us_custom_b1d58e61\"><div class=\"wpb_wrapper\"><h6><strong>At a Glance<\/strong><\/h6>\n<p><strong>Where:<\/strong> Piers Ahlbeck, Heringsdorf, Bansin<br \/>\n<strong>When:<\/strong> Seasonal, timetable varies \u2013 hop-on-hop-off between the Imperial Spas and to Swinem\u00fcnde<br \/>\n<strong>Admission:<\/strong> Free with UsedomCard (spa card) within the Imperial Spas and to Swinem\u00fcnde (scan QR code on the card)<\/p>\n<\/div><\/div><\/div><\/div><\/div><div class=\"w-separator size_small\"><\/div><div class=\"wpb_text_column\"><div class=\"wpb_wrapper\"><p>Free for guests with a spa card and a small adventure on the water for children: With Adler Schiffahrt, pier hopping between the Imperial Spas can be experienced in a relaxed way.<\/p>\n<\/div><\/div><\/div><\/div><\/div><\/div><\/section><section class=\"l-section wpb_row height_auto width_full\"><div class=\"l-section-h i-cf\"><div class=\"g-cols vc_row via_grid cols_1 laptops-cols_inherit tablets-cols_inherit mobiles-cols_1 valign_top type_default stacking_default\"><div class=\"wpb_column vc_column_container\"><div class=\"vc_column-inner\"><div class=\"w-separator size_small\"><\/div><div class=\"wpb_text_column us_custom_dcfe0545\"><div class=\"wpb_wrapper\"><h3>Heringsdorf Water Sports Center<\/h3>\n<\/div><\/div><div class=\"g-cols wpb_row via_grid cols_1 laptops-cols_inherit tablets-cols_inherit mobiles-cols_1 valign_top type_default stacking_default\" style=\"--columns-gap:3rem;\"><div class=\"wpb_column vc_column_container\"><div class=\"vc_column-inner\"><div class=\"wpb_text_column us_custom_b1d58e61\"><div class=\"wpb_wrapper\"><h6><strong>At a Glance<\/strong><\/h6>\n<p><strong>Where:<\/strong> Directly at the pier, Rudolf-Breitscheid-Stra\u00dfe 8, Heringsdorf<br \/>\n<strong>When:<\/strong> Seasonal May\u2013October, June\u2013August daily approx. 10:00 AM\u20136:00 PM<br \/>\n<strong>For whom:<\/strong> Older children and teenagers, depending on the offer also with younger children accompanied<br \/>\n<strong>Prices:<\/strong> Kayak\/paddle boat \u20ac10\/hour, SUP \u20ac10\/hour, water skiing \u20ac30\/10 min., speed tube \u20ac20\/person (from 2 people)<\/p>\n<\/div><\/div><\/div><\/div><\/div><div class=\"w-separator size_small\"><\/div><div class=\"wpb_text_column\"><div class=\"wpb_wrapper\"><p>Kayak, stand-up paddle, or an exhilarating ride on the speed tube: available for rent directly at Heringsdorf pier, for an active afternoon on the water. There is also a trampoline park and other play facilities for children.<\/p>\n<\/div><\/div><\/div><\/div><\/div><\/div><\/section><section class=\"l-section wpb_row height_auto width_full\"><div class=\"l-section-h i-cf\"><div class=\"g-cols vc_row via_grid cols_1 laptops-cols_inherit tablets-cols_inherit mobiles-cols_1 valign_top type_default stacking_default\"><div class=\"wpb_column vc_column_container\"><div class=\"vc_column-inner\"><div class=\"w-separator size_small\"><\/div><div class=\"wpb_text_column us_custom_dcfe0545\"><div class=\"wpb_wrapper\"><h3 aria-level=\"3\">Lassan Water Sports<\/h3>\n<\/div><\/div><div class=\"g-cols wpb_row via_grid cols_1 laptops-cols_inherit tablets-cols_inherit mobiles-cols_1 valign_top type_default stacking_default\" style=\"--columns-gap:3rem;\"><div class=\"wpb_column vc_column_container\"><div class=\"vc_column-inner\"><div class=\"wpb_text_column us_custom_b1d58e61\"><div class=\"wpb_wrapper\"><h6><strong>At a Glance<\/strong><\/h6>\n<p><strong>Where:<\/strong> Lassan, Achterwasser side (mainland opposite Usedom)<br \/>\n<strong>Offerings:<\/strong> Cutter tour &#8220;Buttje&#8221; from \u20ac17.50\/person (approx. 1.5 hours), rowing boat\/kayak rental from \u20ac11\/hour, motorboats without license from \u20ac29<\/p>\n<\/div><\/div><\/div><\/div><\/div><div class=\"w-separator size_small\"><\/div><div class=\"wpb_text_column\"><div class=\"wpb_wrapper\"><p><span data-contrast=\"none\" lang=\"DE-DE\" class=\"TextRun SCXW75526401 BCX0\"><span class=\"NormalTextRun SCXW75526401 BCX0\">A good day trip tip for the Achterwasser instead of the open Baltic Sea \u2013 calmer and often more relaxing for smaller children.<\/span><\/span><span class=\"EOP Selected SCXW75526401 BCX0\" data-ccp-props=\"{\"335559739\":140}\"> <\/span><\/p>\n<\/div><\/div><\/div><\/div><\/div><\/div><\/section><section class=\"l-section wpb_row height_auto width_full\"><div class=\"l-section-h i-cf\"><div class=\"g-cols vc_row via_grid cols_1 laptops-cols_inherit tablets-cols_inherit mobiles-cols_1 valign_top type_default stacking_default\"><div class=\"wpb_column vc_column_container\"><div class=\"vc_column-inner\"><div class=\"w-separator size_small\"><\/div><div class=\"wpb_text_column us_custom_dcfe0545\"><div class=\"wpb_wrapper\"><h3 aria-level=\"3\">\u00dcckeritz Passenger Shipping<\/h3>\n<\/div><\/div><div class=\"g-cols wpb_row via_grid cols_1 laptops-cols_inherit tablets-cols_inherit mobiles-cols_1 valign_top type_default stacking_default\" style=\"--columns-gap:3rem;\"><div class=\"wpb_column vc_column_container\"><div class=\"vc_column-inner\"><div class=\"wpb_text_column us_custom_b1d58e61\"><div class=\"wpb_wrapper\"><h6><strong>At a Glance<\/strong><\/h6>\n<p><strong>Where:<\/strong> Departure Zinnowitz\/Stagnie\u00df, MS &#8220;Jessica&#8221;\/&#8221;Johannes&#8221;<br \/>\n<strong>Offerings:<\/strong> Achterwasser cruises (2 hours), adults \u20ac22.50, children \u20ac12, family discounts, trips to the Rankwitz fish restaurant<\/p>\n<\/div><\/div><\/div><\/div><\/div><div class=\"w-separator size_small\"><\/div><div class=\"wpb_text_column\"><div class=\"wpb_wrapper\"><p><span data-contrast=\"none\" lang=\"DE-DE\" class=\"TextRun SCXW75726752 BCX0\"><span class=\"NormalTextRun SCXW75726752 BCX0\">A leisurely cruise across the Achterwasser with a stop at the fish restaurant \u2013 for families looking for a calmer water excursion than the open sea.<\/span><\/span><span class=\"EOP Selected SCXW75726752 BCX0\" data-ccp-props=\"{\"335559739\":140}\"> <\/span><\/p>\n<\/div><\/div><\/div><\/div><\/div><\/div><\/section><section class=\"l-section wpb_row height_auto width_full\"><div class=\"l-section-h i-cf\"><div class=\"g-cols vc_row via_grid cols_1 laptops-cols_inherit tablets-cols_inherit mobiles-cols_1 valign_top type_default stacking_default\"><div class=\"wpb_column vc_column_container\"><div class=\"vc_column-inner\"><div class=\"w-separator size_small\"><\/div><div class=\"wpb_text_column us_custom_dcfe0545\"><div class=\"wpb_wrapper\"><h3 aria-level=\"3\"><span data-contrast=\"none\" lang=\"DE-DE\" class=\"TextRun SCXW21979769 BCX0\"><span class=\"NormalTextRun SCXW21979769 BCX0\" data-ccp-parastyle=\"heading 3\">Kiki&#8217;s Boat Rental,<span> <\/span><\/span><span class=\"NormalTextRun SpellingErrorV2Themed SCXW21979769 BCX0\" data-ccp-parastyle=\"heading 3\">Loddin<\/span><\/span><span class=\"EOP Selected SCXW21979769 BCX0\" data-ccp-props=\"{\"335559738\":200,\"335559739\":80}\"> <\/span><\/h3>\n<\/div><\/div><div class=\"wpb_text_column\"><div class=\"wpb_wrapper\"><p>Rowing boats, swan pedal boats, and license-free motorboats directly on the Achterwasser, plus a great restaurant and an observation tower \u2013 a relaxed half-day for the whole family.<\/p>\n<\/div><\/div><\/div><\/div><\/div><\/div><\/section><section class=\"l-section wpb_row height_auto width_full\"><div class=\"l-section-h i-cf\"><div class=\"g-cols vc_row via_grid cols_1 laptops-cols_inherit tablets-cols_inherit mobiles-cols_1 valign_top type_default stacking_default\"><div class=\"wpb_column vc_column_container\"><div class=\"vc_column-inner\"><div class=\"w-separator size_medium\"><\/div><div class=\"wpb_text_column\"><div class=\"wpb_wrapper\"><h2>Excursion Destinations in the Usedom Hinterland: Experience Nature &#038; Agriculture Up Close<\/h2>\n<p>If you have a little more time, the Usedom hinterland will reward you \u2013 here the island shows its quiet, rural side. Its hills and lakes are unique and are therefore affectionately called the Switzerland of the Baltic Sea by guests.<\/p>\n<\/div><\/div><div class=\"w-separator size_small\"><\/div><\/div><\/div><\/div><\/div><\/section><section class=\"l-section wpb_row height_auto width_full\"><div class=\"l-section-h i-cf\"><div class=\"g-cols vc_row via_grid cols_1 laptops-cols_inherit tablets-cols_inherit mobiles-cols_1 valign_top type_default stacking_default\"><div class=\"wpb_column vc_column_container\"><div class=\"vc_column-inner\"><div class=\"wpb_text_column us_custom_dcfe0545\"><div class=\"wpb_wrapper\"><h3 aria-level=\"3\"><span data-contrast=\"none\" lang=\"DE-DE\" class=\"TextRun SCXW53238558 BCX0\"><span class=\"NormalTextRun SCXW53238558 BCX0\" data-ccp-parastyle=\"heading 3\">Island Safari Tours<\/span><\/span><span class=\"EOP Selected SCXW53238558 BCX0\" data-ccp-props=\"{\"335559738\":200,\"335559739\":80}\"> <\/span><\/h3>\n<\/div><\/div><div class=\"wpb_text_column\"><div class=\"wpb_wrapper\"><p>Land Rover tours through the hinterland with pick-up anywhere on Usedom, bookable all year round, also as a winter tour. The routes show the diversity of the island with moors, lagoons, cliffs, small villages. Much is reported about the island with a picnic. Very suitable for families and groups (or bachelor parties)<\/p>\n<\/div><\/div><\/div><\/div><\/div><\/div><\/section><section class=\"l-section wpb_row height_auto width_full\"><div class=\"l-section-h i-cf\"><div class=\"g-cols vc_row via_grid cols_1 laptops-cols_inherit tablets-cols_inherit mobiles-cols_1 valign_top type_default stacking_default\"><div class=\"wpb_column vc_column_container\"><div class=\"vc_column-inner\"><div class=\"w-separator size_small\"><\/div><div class=\"wpb_text_column us_custom_dcfe0545\"><div class=\"wpb_wrapper\"><h3 aria-level=\"3\">Bison Park Pr\u00e4tenow<\/h3>\n<\/div><\/div><div class=\"g-cols wpb_row via_grid cols_1 laptops-cols_inherit tablets-cols_inherit mobiles-cols_1 valign_top type_default stacking_default\" style=\"--columns-gap:3rem;\"><div class=\"wpb_column vc_column_container\"><div class=\"vc_column-inner\"><div class=\"wpb_text_column us_custom_b1d58e61\"><div class=\"wpb_wrapper\"><h6><strong>At a Glance<\/strong><\/h6>\n<p><strong>Where:<\/strong> Heideweg 1, 17419 Pr\u00e4tenow, south of the island<br \/>\n<strong>When:<\/strong> Easter\u2013end of October 10:00 AM\u20135:00 PM, otherwise 10:30 AM\u20133:30 PM; feeding times 10:00 AM and 2:30 PM<br \/>\n<strong>For whom:<\/strong> All age groups<\/p>\n<\/div><\/div><\/div><\/div><\/div><div class=\"w-separator size_small\"><\/div><div class=\"wpb_text_column\"><div class=\"wpb_wrapper\"><p><span data-contrast=\"none\" lang=\"DE-DE\" class=\"TextRun SCXW53018220 BCX0\"><span class=\"NormalTextRun SCXW53018220 BCX0\">Bison and wild horses in the show enclosure \u2013 feeding times are a good anchor for daily planning.<\/span><\/span><span class=\"EOP Selected SCXW53018220 BCX0\" data-ccp-props=\"{\"335559739\":140}\"> <\/span><\/p>\n<\/div><\/div><div class=\"w-separator size_small\"><\/div><div class=\"w-image align_none\"><div class=\"w-image-h\"><img decoding=\"async\" width=\"1024\" height=\"680\" src=\"https:\/\/ostkueste.com\/wp-content\/uploads\/pferde-fuettern-usedom-hinterland-bauernhof-1024x680.jpg\" class=\"attachment-large size-large\" alt=\"Kleinkind im blauen Pullover steht von hinten an einem rustikalen Holztor und schaut zu einem gescheckten Pony auf einer gr\u00fcnen Wiese.\" loading=\"lazy\" srcset=\"https:\/\/ostkueste.com\/wp-content\/uploads\/pferde-fuettern-usedom-hinterland-bauernhof-1024x680.jpg 1024w, https:\/\/ostkueste.com\/wp-content\/uploads\/pferde-fuettern-usedom-hinterland-bauernhof-300x199.jpg 300w, https:\/\/ostkueste.com\/wp-content\/uploads\/pferde-fuettern-usedom-hinterland-bauernhof-200x133.jpg 200w, https:\/\/ostkueste.com\/wp-content\/uploads\/pferde-fuettern-usedom-hinterland-bauernhof-750x498.jpg 750w, https:\/\/ostkueste.com\/wp-content\/uploads\/pferde-fuettern-usedom-hinterland-bauernhof-500x333.jpg 500w\" sizes=\"auto, (max-width: 1024px) 100vw, 1024px\" \/><\/div><\/div><\/div><\/div><\/div><\/div><\/section><section class=\"l-section wpb_row height_auto width_full\"><div class=\"l-section-h i-cf\"><div class=\"g-cols vc_row via_grid cols_1 laptops-cols_inherit tablets-cols_inherit mobiles-cols_1 valign_top type_default stacking_default\"><div class=\"wpb_column vc_column_container\"><div class=\"vc_column-inner\"><div class=\"w-separator size_small\"><\/div><div class=\"wpb_text_column us_custom_dcfe0545\"><div class=\"wpb_wrapper\"><h3 aria-level=\"3\"><span data-contrast=\"none\" lang=\"DE-DE\" class=\"TextRun SCXW100582941 BCX0\"><span class=\"NormalTextRun SCXW100582941 BCX0\" data-ccp-parastyle=\"heading 3\">Sallenthin<span> <\/span><\/span><span class=\"NormalTextRun SpellingErrorV2Themed SCXW100582941 BCX0\" data-ccp-parastyle=\"heading 3\">Riding Stable<\/span><span class=\"NormalTextRun SCXW100582941 BCX0\" data-ccp-parastyle=\"heading 3\">: Beach ride in autumn and winter<\/span><span class=\"NormalTextRun SCXW100582941 BCX0\" data-ccp-parastyle=\"heading 3\"><span> <\/span>with horses<\/span><\/span><span class=\"EOP Selected SCXW100582941 BCX0\" data-ccp-props=\"{}\"> <\/span><\/h3>\n<\/div><\/div><div class=\"wpb_text_column\"><div class=\"wpb_wrapper\"><p><span data-contrast=\"none\" lang=\"DE-DE\" class=\"TextRun SCXW181429742 BCX0\"><span class=\"NormalTextRun SCXW181429742 BCX0\">Guests visiting in autumn or winter can experience a beach ride at Sallenthin<span> <\/span><\/span><span class=\"NormalTextRun SpellingErrorV2Themed SCXW181429742 BCX0\">Riding Stable<\/span><span class=\"NormalTextRun SCXW181429742 BCX0\"><span> <\/span>: Beach rides are offered exclusively in the off-season from early October to late April.<\/span><\/span><span class=\"EOP Selected SCXW181429742 BCX0\" data-ccp-props=\"{\"335559739\":140}\"> <\/span><\/p>\n<\/div><\/div><\/div><\/div><\/div><\/div><\/section><section class=\"l-section wpb_row height_auto width_full\"><div class=\"l-section-h i-cf\"><div class=\"g-cols vc_row via_grid cols_1 laptops-cols_inherit tablets-cols_inherit mobiles-cols_1 valign_top type_default stacking_default\"><div class=\"wpb_column vc_column_container\"><div class=\"vc_column-inner\"><div class=\"w-separator size_small\"><\/div><div class=\"wpb_text_column us_custom_dcfe0545\"><div class=\"wpb_wrapper\"><h3 aria-level=\"3\"><span data-contrast=\"none\" lang=\"DE-DE\" class=\"TextRun SCXW213216834 BCX0\"><span class=\"NormalTextRun SCXW213216834 BCX0\" data-ccp-parastyle=\"heading 3\">Ueckerm\u00fcnde Wildlife Park: Insider Tip Day Trip across the Lagoon<\/span><\/span><span class=\"EOP Selected SCXW213216834 BCX0\" data-ccp-props=\"{\"335559738\":200,\"335559739\":80}\"> <\/span><\/h3>\n<\/div><\/div><div class=\"g-cols wpb_row via_grid cols_1 laptops-cols_inherit tablets-cols_inherit mobiles-cols_1 valign_top type_default stacking_default\" style=\"--columns-gap:3rem;\"><div class=\"wpb_column vc_column_container\"><div class=\"vc_column-inner\"><div class=\"wpb_text_column us_custom_b1d58e61\"><div class=\"wpb_wrapper\"><h6><strong>At a Glance<\/strong><\/h6>\n<p><strong>Arrival:<\/strong> Bicycle ferry &#8220;Priwall V&#8221; between Kamminke (South Usedom) and Ueckerm\u00fcnde, travel time approx. 80 min., season May\u2013early October (limited on Wednesdays\/Mondays)<br \/>\n<strong>Prices:<\/strong> Family ticket (2 adults + 3 children) \u20ac100 round trip<\/p>\n<\/div><\/div><\/div><\/div><\/div><div class=\"w-separator size_small\"><\/div><div class=\"wpb_text_column\"><div class=\"wpb_wrapper\"><p>A more elaborate, but rewarding day trip: From the ferry, it&#8217;s a bit further to the wildlife park \u2013 well-plannable, but not really for a spontaneous afternoon.<\/p>\n<\/div><\/div><\/div><\/div><\/div><\/div><\/section><section class=\"l-section wpb_row height_auto width_full\"><div class=\"l-section-h i-cf\"><div class=\"g-cols vc_row via_grid cols_1 laptops-cols_inherit tablets-cols_inherit mobiles-cols_1 valign_top type_default stacking_default\"><div class=\"wpb_column vc_column_container\"><div class=\"vc_column-inner\"><div class=\"w-separator size_small\"><\/div><div class=\"wpb_text_column us_custom_dcfe0545\"><div class=\"wpb_wrapper\"><h3 aria-level=\"3\">Tierhof Lab\u00f6mitz e.V., Benz OT Lab\u00f6mitz<\/h3>\n<\/div><\/div><div class=\"g-cols wpb_row via_grid cols_1 laptops-cols_inherit tablets-cols_inherit mobiles-cols_1 valign_top type_default stacking_default\" style=\"--columns-gap:3rem;\"><div class=\"wpb_column vc_column_container\"><div class=\"vc_column-inner\"><div class=\"wpb_text_column us_custom_b1d58e61\"><div class=\"wpb_wrapper\"><h6><strong>At a Glance<\/strong><\/h6>\n<p><strong>Where:<\/strong> Benz, district Lab\u00f6mitz<br \/>\n<strong>When:<\/strong> Daily 10:00 AM\u20134:00 PM<\/p>\n<\/div><\/div><\/div><\/div><\/div><div class=\"w-separator size_small\"><\/div><div class=\"wpb_text_column\"><div class=\"wpb_wrapper\"><p><span data-contrast=\"none\" lang=\"DE-DE\" class=\"TextRun SCXW215959535 BCX0\"><span class=\"NormalTextRun SCXW215959535 BCX0\">Contrary to what the name suggests, not a classic petting zoo, but a rescue station for domestic, farm, and wild animals. For families, it&#8217;s primarily interesting as an educational visit on animal welfare \u2013 less as a &#8220;feeding cows&#8221; experience. <\/span><\/span><span class=\"EOP Selected SCXW215959535 BCX0\" data-ccp-props=\"{\"335559739\":140}\"> <\/span><\/p>\n<\/div><\/div><\/div><\/div><\/div><\/div><\/section><section class=\"l-section wpb_row height_auto width_full\"><div class=\"l-section-h i-cf\"><div class=\"g-cols vc_row via_grid cols_1 laptops-cols_inherit tablets-cols_inherit mobiles-cols_1 valign_top type_default stacking_default\"><div class=\"wpb_column vc_column_container\"><div class=\"vc_column-inner\"><div class=\"w-separator size_small\"><\/div><div class=\"wpb_text_column us_custom_dcfe0545\"><div class=\"wpb_wrapper\"><h3 aria-level=\"3\">Winter on Usedom: Ice Skating in the Heringsdorf Ice Arena<\/h3>\n<\/div><\/div><div class=\"wpb_text_column\"><div class=\"wpb_wrapper\"><p>From November to March, the ice sports facility on the dune next to the Heringsdorf pier transforms into an open-air ice rink \u2013 a popular activity for winter vacations with children. In addition to ice skating, curling, figure skating, and ice hockey are possible; ice skates and skating aids for children can be rented on site, and a snack bar provides refreshments in between. Groups of 15 or more can book the rink Monday to Friday between 8 AM and 2 PM outside regular opening hours \u2013 registration at 0152 54971925 or info@eisarena-insel-usedom.de.<\/p>\n<p>Season start and opening hours vary annually. The 2025\/26 season ended on March 1, 2026, reopening expected in November.<\/p>\n<\/div><\/div><div class=\"w-separator size_small\"><\/div><div class=\"w-image align_none\"><div class=\"w-image-h\"><img decoding=\"async\" width=\"1920\" height=\"2560\" src=\"https:\/\/ostkueste.com\/wp-content\/uploads\/eisarena-heringsdorf-schlittschuhbahn-winter-scaled.jpg\" class=\"attachment-full size-full\" alt=\"Leuchtender roter Neonschriftzug Eisbahn auf einem braunen Holzcontainer vor dunkelblauem Abendhimmel.\" loading=\"lazy\" srcset=\"https:\/\/ostkueste.com\/wp-content\/uploads\/eisarena-heringsdorf-schlittschuhbahn-winter-scaled.jpg 1920w, https:\/\/ostkueste.com\/wp-content\/uploads\/eisarena-heringsdorf-schlittschuhbahn-winter-225x300.jpg 225w, https:\/\/ostkueste.com\/wp-content\/uploads\/eisarena-heringsdorf-schlittschuhbahn-winter-768x1024.jpg 768w, https:\/\/ostkueste.com\/wp-content\/uploads\/eisarena-heringsdorf-schlittschuhbahn-winter-150x200.jpg 150w, https:\/\/ostkueste.com\/wp-content\/uploads\/eisarena-heringsdorf-schlittschuhbahn-winter-375x500.jpg 375w, https:\/\/ostkueste.com\/wp-content\/uploads\/eisarena-heringsdorf-schlittschuhbahn-winter-250x333.jpg 250w\" sizes=\"auto, (max-width: 1920px) 100vw, 1920px\" \/><\/div><\/div><\/div><\/div><\/div><\/div><\/section><section class=\"l-section wpb_row height_auto width_full\"><div class=\"l-section-h i-cf\"><div class=\"g-cols vc_row via_grid cols_1 laptops-cols_inherit tablets-cols_inherit mobiles-cols_1 valign_top type_default stacking_default\"><div class=\"wpb_column vc_column_container\"><div class=\"vc_column-inner\"><div class=\"w-separator size_small\"><\/div><div class=\"wpb_text_column us_custom_dcfe0545\"><div class=\"wpb_wrapper\"><h3 aria-level=\"3\">Refreshments in Between: Caf\u00e9s and Restaurants for Families in Heringsdorf and Ahlbeck<\/h3>\n<\/div><\/div><div class=\"wpb_text_column\"><div class=\"wpb_wrapper\"><p>After an excursion, a break is essential \u2013 preferably with cake and a view of the Baltic Sea.<\/p>\n<ul>\n<li><strong>Holzofenb\u00e4ckerei B\u00f6der<\/strong> \u2013 traditional bread and rolls from the stone oven, Tue\u2013Sat. During high season, pre-ordering is recommended, as a queue often forms on site. <\/li>\n<li><strong>Caf\u00e9 &#038; Konditorie Wehnisch, Ahlbeck<\/strong> \u2013 classic cakes and ice cream, with colorful sprinkles for the little ones, of course.<\/li>\n<li>Karls Kneipe, Ahlbeck \u2013 down-to-earth cuisine where even picky children&#8217;s plates are emptied. Located directly at the playground, so parents can sit in peace. <\/li>\n<li><strong>Genusswerk Pier14<\/strong> \u2013 Caf\u00e9 with fresh bread, pasta, and pizza.<\/li>\n<li><strong>Uwes Fischerh\u00fctte &#038; Alte Fischhalle, Ahlbeck<\/strong> \u2013 fish directly in the dunes, uncomplicated for the whole family (keep an eye on the seagulls).<\/li>\n<li><strong>Neppermin Fischpalast<\/strong> \u2013 fish restaurant with a playground, lawn for romping, and a terrace with sunset views.<\/li>\n<li><strong>Domkes Fischeck<\/strong> \u2013 directly at the main tower playground in Ahlbeck<\/li>\n<\/ul>\n<\/div><\/div><\/div><\/div><\/div><\/div><\/section><section class=\"l-section wpb_row height_auto width_full\"><div class=\"l-section-h i-cf\"><div class=\"g-cols vc_row via_grid cols_1 laptops-cols_inherit tablets-cols_inherit mobiles-cols_1 valign_top type_default stacking_default\"><div class=\"wpb_column vc_column_container\"><div class=\"vc_column-inner\"><div class=\"w-separator size_small\"><\/div><div class=\"wpb_text_column us_custom_dcfe0545\"><div class=\"wpb_wrapper\"><h3 aria-level=\"3\">Holiday Apartment on Usedom with Children: Family Apartments in Heringsdorf and Ahlbeck<\/h3>\n<\/div><\/div><div class=\"wpb_text_column\"><div class=\"wpb_wrapper\"><p><span data-contrast=\"none\" lang=\"DE-DE\" class=\"TextRun SCXW117653523 BCX0\"><span class=\"NormalTextRun SCXW117653523 BCX0\">After a full day of excursions, everyone looks forward to a temporary home with enough space for peace and quiet. In our family apartments with separate bedrooms and a private kitchen, the day ends relaxed. <\/span><span class=\"NormalTextRun SCXW117653523 BCX0\">. Baby<span> <\/span><\/span><span class=\"NormalTextRun SCXW117653523 BCX0\">Travel cot<\/span><span class=\"NormalTextRun SCXW117653523 BCX0\"><span> <\/span>and picture book are part of our<span> <\/span><\/span><span class=\"NormalTextRun SCXW117653523 BCX0\">amenities<\/span><span class=\"NormalTextRun SCXW117653523 BCX0\">. Learn more<\/span> <span class=\"NormalTextRun SCXW117653523 BCX0\"><span> <\/span>on our page about family-friendly<span> <\/span><\/span><span class=\"NormalTextRun SCXW117653523 BCX0\">holiday apartments<\/span><span class=\"NormalTextRun SCXW117653523 BCX0\"><span> <\/span>on Usedom.<\/span><\/span><span class=\"EOP Selected SCXW117653523 BCX0\" data-ccp-props=\"{\"335559739\":140}\"> <\/span><\/p>\n<\/div><\/div><\/div><\/div><\/div><\/div><\/section><section class=\"l-section wpb_row height_auto width_full\"><div class=\"l-section-h i-cf\"><div class=\"g-cols vc_row via_grid cols_1 laptops-cols_inherit tablets-cols_inherit mobiles-cols_1 valign_top type_default stacking_default\"><div class=\"wpb_column vc_column_container\"><div class=\"vc_column-inner\"><div class=\"w-separator size_small\"><\/div><div class=\"w-grid us_post_carousel type_carousel layout_gallery_cropped preload_style_spinner items_2 overflow_hidden items_have_ratio\" id=\"us_post_list_ud28\" style=\"--items:2;--gap:1.5rem;--item-aspect-ratio:1;\"><style>@media (max-width:600px){#us_post_list_ud28 .owl-carousel:not(.owl-loaded) .w-grid-item{width:calc(100% \/ 1 )!important}}.layout_gallery_cropped .w-grid-item-h{}.layout_gallery_cropped .usg_post_image_1{position:absolute!important;left:0!important;top:0!important;bottom:0!important;right:0!important}<\/style><div class=\"w-grid-list owl-carousel valign_stretch dotstyle_circle navstyle_5 arrows-ver-pos_middle arrows-hor-pos_on_sides_inside arrows-disabled_hide owl-responsive-2000 with_arrows\" style=\"--transition-duration:1000ms;--arrows-size:2rem;--arrows-hor-offset:-15px;--arrows-gap:10px;\" role=\"group\" aria-label=\"Carousel\">\t<article class=\"w-grid-item size_1x1 post-8383 attachment type-attachment status-inherit hentry\" data-id=\"8383\">\r\n\t\t<div class=\"w-grid-item-h\">\r\n\t\t\t\t\t\t\t<a ref=\"magnificPopupList\" data-alt=\"Ein gro\u00dfz\u00fcgiger offener Essbereich mit einem runden Holztisch, schwarzen Retro-St\u00fchlen, farbenfrohen H\u00e4ngelampen in Gelb, Gr\u00fcn und Orange sowie einer partiell freigelegten Backsteinwand im Hintergrund.\" href=\"https:\/\/ostkueste.com\/wp-content\/uploads\/essbereich-historische-villa-designmoebel.jpg\" class=\"w-grid-item-anchor\" aria-label=\"Ein gro\u00dfz\u00fcgiger offener Essbereich mit einem runden Holztisch, schwarzen Retro-St\u00fchlen, farbenfrohen H\u00e4ngelampen in Gelb, Gr\u00fcn und Orange sowie einer partiell freigelegten Backsteinwand im Hintergrund.\"><\/a>\r\n\t\t\t\t\t\t<div class=\"w-post-elm post_image usg_post_image_1 stretched\"><img loading=\"lazy\" decoding=\"async\" width=\"1024\" height=\"768\" src=\"https:\/\/ostkueste.com\/wp-content\/uploads\/essbereich-historische-villa-designmoebel-1024x768.jpg\" class=\"attachment-large size-large\" alt=\"Ein gro\u00dfz\u00fcgiger offener Essbereich mit einem runden Holztisch, schwarzen Retro-St\u00fchlen, farbenfrohen H\u00e4ngelampen in Gelb, Gr\u00fcn und Orange sowie einer partiell freigelegten Backsteinwand im Hintergrund.\" srcset=\"https:\/\/ostkueste.com\/wp-content\/uploads\/essbereich-historische-villa-designmoebel-1024x768.jpg 1024w, https:\/\/ostkueste.com\/wp-content\/uploads\/essbereich-historische-villa-designmoebel-300x225.jpg 300w, https:\/\/ostkueste.com\/wp-content\/uploads\/essbereich-historische-villa-designmoebel-200x150.jpg 200w, https:\/\/ostkueste.com\/wp-content\/uploads\/essbereich-historische-villa-designmoebel-667x500.jpg 667w, https:\/\/ostkueste.com\/wp-content\/uploads\/essbereich-historische-villa-designmoebel-444x333.jpg 444w\" sizes=\"auto, (max-width: 1024px) 100vw, 1024px\" \/><\/div>\t\t<\/div>\r\n\t\t\t<\/article>\r\n\t<article class=\"w-grid-item size_1x1 post-8385 attachment type-attachment status-inherit hentry\" data-id=\"8385\">\r\n\t\t<div class=\"w-grid-item-h\">\r\n\t\t\t\t\t\t\t<a ref=\"magnificPopupList\" data-alt=\"Eine Frau und ein kleines Kind stehen Hand in Hand mit einem Koffer vor der Eingangst\u00fcr einer wei\u00dfen Villa, die durch ein markantes gr\u00fcnes Vordach im historischen Stil gepr\u00e4gt ist.\" href=\"https:\/\/ostkueste.com\/wp-content\/uploads\/familie-ankunft-ferienwohnung-baederarchitektur.jpg\" class=\"w-grid-item-anchor\" aria-label=\"Eine Frau und ein kleines Kind stehen Hand in Hand mit einem Koffer vor der Eingangst\u00fcr einer wei\u00dfen Villa, die durch ein markantes gr\u00fcnes Vordach im historischen Stil gepr\u00e4gt ist.\"><\/a>\r\n\t\t\t\t\t\t<div class=\"w-post-elm post_image usg_post_image_1 stretched\"><img loading=\"lazy\" decoding=\"async\" width=\"1024\" height=\"680\" src=\"https:\/\/ostkueste.com\/wp-content\/uploads\/familie-ankunft-ferienwohnung-baederarchitektur-1024x680.jpg\" class=\"attachment-large size-large\" alt=\"Eine Frau und ein kleines Kind stehen Hand in Hand mit einem Koffer vor der Eingangst\u00fcr einer wei\u00dfen Villa, die durch ein markantes gr\u00fcnes Vordach im historischen Stil gepr\u00e4gt ist.\" srcset=\"https:\/\/ostkueste.com\/wp-content\/uploads\/familie-ankunft-ferienwohnung-baederarchitektur-1024x680.jpg 1024w, https:\/\/ostkueste.com\/wp-content\/uploads\/familie-ankunft-ferienwohnung-baederarchitektur-300x199.jpg 300w, https:\/\/ostkueste.com\/wp-content\/uploads\/familie-ankunft-ferienwohnung-baederarchitektur-200x133.jpg 200w, https:\/\/ostkueste.com\/wp-content\/uploads\/familie-ankunft-ferienwohnung-baederarchitektur-750x498.jpg 750w, https:\/\/ostkueste.com\/wp-content\/uploads\/familie-ankunft-ferienwohnung-baederarchitektur-500x333.jpg 500w\" sizes=\"auto, (max-width: 1024px) 100vw, 1024px\" \/><\/div>\t\t<\/div>\r\n\t\t\t<\/article>\r\n\t<article class=\"w-grid-item size_1x1 post-8389 attachment type-attachment status-inherit hentry\" data-id=\"8389\">\r\n\t\t<div class=\"w-grid-item-h\">\r\n\t\t\t\t\t\t\t<a ref=\"magnificPopupList\" data-alt=\"Der komplett in hellem Holz ausgekleidete Innenraum einer Sauna mit Sitzbank, einem Saunaofen samt Steinen, einem Aufgusseimer und einer verglasten Front, die an eine moderne Dusche grenzt.\" href=\"https:\/\/ostkueste.com\/wp-content\/uploads\/private-sauna-ferienwohnung-ostsee.jpg\" class=\"w-grid-item-anchor\" aria-label=\"Der komplett in hellem Holz ausgekleidete Innenraum einer Sauna mit Sitzbank, einem Saunaofen samt Steinen, einem Aufgusseimer und einer verglasten Front, die an eine moderne Dusche grenzt.\"><\/a>\r\n\t\t\t\t\t\t<div class=\"w-post-elm post_image usg_post_image_1 stretched\"><img loading=\"lazy\" decoding=\"async\" width=\"1024\" height=\"768\" src=\"https:\/\/ostkueste.com\/wp-content\/uploads\/private-sauna-ferienwohnung-ostsee-1024x768.jpg\" class=\"attachment-large size-large\" alt=\"Der komplett in hellem Holz ausgekleidete Innenraum einer Sauna mit Sitzbank, einem Saunaofen samt Steinen, einem Aufgusseimer und einer verglasten Front, die an eine moderne Dusche grenzt.\" srcset=\"https:\/\/ostkueste.com\/wp-content\/uploads\/private-sauna-ferienwohnung-ostsee-1024x768.jpg 1024w, https:\/\/ostkueste.com\/wp-content\/uploads\/private-sauna-ferienwohnung-ostsee-300x225.jpg 300w, https:\/\/ostkueste.com\/wp-content\/uploads\/private-sauna-ferienwohnung-ostsee-200x150.jpg 200w, https:\/\/ostkueste.com\/wp-content\/uploads\/private-sauna-ferienwohnung-ostsee-667x500.jpg 667w, https:\/\/ostkueste.com\/wp-content\/uploads\/private-sauna-ferienwohnung-ostsee-444x333.jpg 444w\" sizes=\"auto, (max-width: 1024px) 100vw, 1024px\" \/><\/div>\t\t<\/div>\r\n\t\t\t<\/article>\r\n<\/div><div class=\"w-grid-carousel-json hidden\" onclick='return {&quot;carousel_settings&quot;:{&quot;aria_labels&quot;:{&quot;prev&quot;:&quot;Previous&quot;,&quot;next&quot;:&quot;Next&quot;,&quot;slide&quot;:&quot;item&quot;,&quot;slide_x_of_y&quot;:&quot;%1$s of %2$s&quot;,&quot;play&quot;:&quot;Play&quot;,&quot;pause&quot;:&quot;Pause&quot;},&quot;autoplayContinual&quot;:false,&quot;autoplayContinualCss&quot;:false,&quot;autoplayHoverPause&quot;:false,&quot;autoplayTimeout&quot;:3000,&quot;autoWidth&quot;:false,&quot;smartSpeed&quot;:1000,&quot;margin&quot;:0,&quot;mouseDrag&quot;:true,&quot;rtl&quot;:false,&quot;slideBy&quot;:&quot;1&quot;,&quot;touchDrag&quot;:true,&quot;slideTransition&quot;:&quot;&quot;,&quot;responsive&quot;:{&quot;0&quot;:{&quot;autoHeight&quot;:false,&quot;autoplay&quot;:false,&quot;autoplayContinualCss&quot;:false,&quot;autoWidth&quot;:false,&quot;center&quot;:false,&quot;dots&quot;:false,&quot;items&quot;:1,&quot;loop&quot;:false,&quot;nav&quot;:false,&quot;stagePadding&quot;:0,&quot;slideBy&quot;:&quot;1&quot;,&quot;touchDrag&quot;:true,&quot;mouseDrag&quot;:true},&quot;601&quot;:{&quot;items&quot;:2,&quot;autoplay&quot;:true,&quot;autoplayContinualCss&quot;:false,&quot;center&quot;:false,&quot;dots&quot;:false,&quot;nav&quot;:true,&quot;autoHeight&quot;:false,&quot;autoWidth&quot;:false,&quot;loop&quot;:true,&quot;stagePadding&quot;:0}}}}'><\/div><\/div><div class=\"w-separator size_small\"><\/div><div class=\"w-btn-wrapper align_center\"><a class=\"w-btn us-btn-style_1\" href=\"https:\/\/ostkueste.com\/apartments\/ausstattung_apartments-familienfreundlich\/\"><span class=\"w-btn-label\">Family Apartments in Heringsdorf and Ahlbeck<\/span><\/a><\/div><div class=\"w-separator size_small\"><\/div><\/div><\/div><\/div><\/div><\/section><section class=\"l-section wpb_row height_auto width_full\"><div class=\"l-section-h i-cf\"><div class=\"g-cols vc_row via_grid cols_1 laptops-cols_inherit tablets-cols_inherit mobiles-cols_1 valign_top type_default stacking_default\"><div class=\"wpb_column vc_column_container\"><div class=\"vc_column-inner\"><h3 class=\"w-text\"><span class=\"w-text-h\"><span class=\"w-text-value\">Frequently Asked Questions about Excursions with Children on Usedom<\/span><\/span><\/h3><div class=\"w-tabs accordion toggle_style_1 has_scrolling\" style=\"--sections-title-size:inherit;--sections-gap:0.5rem;\"><div class=\"w-tabs-sections titles-align_none icon_chevron cpos_right\"><div class=\"w-tabs-section\" id=\"md3d\" itemscope itemprop=\"mainEntity\" itemtype=\"https:\/\/schema.org\/Question\"><button type=\"button\" class=\"w-tabs-section-header\" aria-controls=\"content-md3d\" aria-expanded=\"false\"><div class=\"w-tabs-section-title\" itemprop=\"name\">What can you do with children on Usedom when it rains?<\/div><div class=\"w-tabs-section-control\"><\/div><\/button><div  class=\"w-tabs-section-content\" id=\"content-md3d\" itemscope itemprop=\"acceptedAnswer\" itemtype=\"https:\/\/schema.org\/Answer\"><div class=\"w-tabs-section-content-h i-cf\" itemprop=\"text\"><div class=\"wpb_text_column\"><div class=\"wpb_wrapper\"><p><span data-contrast=\"auto\" lang=\"DE-DE\" class=\"TextRun SCXW11217099 BCX0\"><span class=\"NormalTextRun SCXW11217099 BCX0\">The Tractor World Museum, indoor mini golf in<span> <\/span><\/span><span class=\"NormalTextRun SpellingErrorV2Themed SCXW11217099 BCX0\">Pudagla<\/span><span class=\"NormalTextRun SCXW11217099 BCX0\">, the<span> <\/span><\/span><span class=\"NormalTextRun SpellingErrorV2Themed SCXW11217099 BCX0\">Baltic Sea Thermal Spa<\/span><span class=\"NormalTextRun SCXW11217099 BCX0\"><span> <\/span>Ahlbeck, or in summer the Chapeau Rouge theater tent offer a full program even on rainy days. For a full rainy day, an excursion to Peenem\u00fcnde with three museums is also worthwhile. <\/span><\/span><span class=\"EOP Selected SCXW11217099 BCX0\" data-ccp-props=\"{\"335559739\":60}\"> <\/span><\/p>\n<\/div><\/div><\/div><\/div><\/div><div class=\"w-tabs-section\" id=\"idd3\" itemscope itemprop=\"mainEntity\" itemtype=\"https:\/\/schema.org\/Question\"><button type=\"button\" class=\"w-tabs-section-header\" aria-controls=\"content-idd3\" aria-expanded=\"false\"><div class=\"w-tabs-section-title\" itemprop=\"name\">Are there free excursion destinations with children on Usedom?<\/div><div class=\"w-tabs-section-control\"><\/div><\/button><div  class=\"w-tabs-section-content\" id=\"content-idd3\" itemscope itemprop=\"acceptedAnswer\" itemtype=\"https:\/\/schema.org\/Answer\"><div class=\"w-tabs-section-content-h i-cf\" itemprop=\"text\"><div class=\"wpb_text_column\"><div class=\"wpb_wrapper\"><p>Yes. Pier hopping with Adler Schiffahrt is free with a spa card, as is the Heringsdorf Spa and Healing Forest, admission to Karls Erlebnis-Dorf Koserow, most offers at Ahlbeck Sports Beach, and the playgrounds in the Imperial Spas.<\/p>\n<\/div><\/div><\/div><\/div><\/div><div class=\"w-tabs-section\" id=\"qe53\" itemscope itemprop=\"mainEntity\" itemtype=\"https:\/\/schema.org\/Question\"><button type=\"button\" class=\"w-tabs-section-header\" aria-controls=\"content-qe53\" aria-expanded=\"false\"><div class=\"w-tabs-section-title\" itemprop=\"name\">Which playgrounds in the Imperial Spas are particularly worthwhile with children?<\/div><div class=\"w-tabs-section-control\"><\/div><\/button><div  class=\"w-tabs-section-content\" id=\"content-qe53\" itemscope itemprop=\"acceptedAnswer\" itemtype=\"https:\/\/schema.org\/Answer\"><div class=\"w-tabs-section-content-h i-cf\" itemprop=\"text\"><div class=\"wpb_text_column\"><div class=\"wpb_wrapper\"><p>The Pirate Playground in Heringsdorf with a large climbing ship, Westend and Main Tower Playground in Ahlbeck for all age groups, and the quieter Squirrel Playground in Goethepark for the little ones are among our favorites.<\/p>\n<\/div><\/div><\/div><\/div><\/div><div class=\"w-tabs-section\" id=\"jecc\" itemscope itemprop=\"mainEntity\" itemtype=\"https:\/\/schema.org\/Question\"><button type=\"button\" class=\"w-tabs-section-header\" aria-controls=\"content-jecc\" aria-expanded=\"false\"><div class=\"w-tabs-section-title\" itemprop=\"name\">What can you do with children in the Usedom hinterland?<\/div><div class=\"w-tabs-section-control\"><\/div><\/button><div  class=\"w-tabs-section-content\" id=\"content-jecc\" itemscope itemprop=\"acceptedAnswer\" itemtype=\"https:\/\/schema.org\/Answer\"><div class=\"w-tabs-section-content-h i-cf\" itemprop=\"text\"><div class=\"wpb_text_column\"><div class=\"wpb_wrapper\"><p>The Bison Park Pr\u00e4tenow, island safari tours in a Land Rover, or a day trip with the bicycle ferry to Ueckerm\u00fcnde show the quieter, rural side of the island \u2013 well suited if you plan a full day trip.<\/p>\n<\/div><\/div><\/div><\/div><\/div><div class=\"w-tabs-section\" id=\"wf40\" itemscope itemprop=\"mainEntity\" itemtype=\"https:\/\/schema.org\/Question\"><button type=\"button\" class=\"w-tabs-section-header\" aria-controls=\"content-wf40\" aria-expanded=\"false\"><div class=\"w-tabs-section-title\" itemprop=\"name\">How far are the excursion destinations from the OSTK\u00dcSTE Apartments?<\/div><div class=\"w-tabs-section-control\"><\/div><\/button><div  class=\"w-tabs-section-content\" id=\"content-wf40\" itemscope itemprop=\"acceptedAnswer\" itemtype=\"https:\/\/schema.org\/Answer\"><div class=\"w-tabs-section-content-h i-cf\" itemprop=\"text\"><div class=\"wpb_text_column\"><div class=\"wpb_wrapper\"><p>Most destinations are within the Imperial Spas or a few minutes&#8217; drive, walk, or bike ride away. Peenem\u00fcnde and some hinterland excursions are further away and are more suitable for a full day than for a spontaneous afternoon.<\/p>\n<\/div><\/div><\/div><\/div><\/div><div class=\"w-tabs-section\" id=\"gfc0\" itemscope itemprop=\"mainEntity\" itemtype=\"https:\/\/schema.org\/Question\"><button type=\"button\" class=\"w-tabs-section-header\" aria-controls=\"content-gfc0\" aria-expanded=\"false\"><div class=\"w-tabs-section-title\" itemprop=\"name\">Are the excursion destinations on Usedom also open outside the summer season? <\/div><div class=\"w-tabs-section-control\"><\/div><\/button><div  class=\"w-tabs-section-content\" id=\"content-gfc0\" itemscope itemprop=\"acceptedAnswer\" itemtype=\"https:\/\/schema.org\/Answer\"><div class=\"w-tabs-section-content-h i-cf\" itemprop=\"text\"><div class=\"wpb_text_column\"><div class=\"wpb_wrapper\"><p>Many destinations such as the Spa and Healing Forest, the Bansin Tropical Zoo, or the cycling paths are accessible all year round. In winter, the ice rink in Heringsdorf and the winter market between Christmas and January 5th also provide family entertainment. However, the climbing forest, outdoor mini golf, and the Chapeau Rouge theater tent have fixed seasonal opening times, typically from Easter to October.<\/p>\n<\/div><\/div><\/div><\/div><\/div><div class=\"w-tabs-section\" id=\"v033\" itemscope itemprop=\"mainEntity\" itemtype=\"https:\/\/schema.org\/Question\"><button type=\"button\" class=\"w-tabs-section-header\" aria-controls=\"content-v033\" aria-expanded=\"false\"><div class=\"w-tabs-section-title\" itemprop=\"name\">Is the Heringsdorf Tree Top Walk suitable for small children? <\/div><div class=\"w-tabs-section-control\"><\/div><\/button><div  class=\"w-tabs-section-content\" id=\"content-v033\" itemscope itemprop=\"acceptedAnswer\" itemtype=\"https:\/\/schema.org\/Answer\"><div class=\"w-tabs-section-content-h i-cf\" itemprop=\"text\"><div class=\"wpb_text_column\"><div class=\"wpb_wrapper\"><p>Yes, the path is accessible with strollers and the routes are easy for smaller children to manage.<\/p>\n<\/div><\/div><\/div><\/div><\/div><\/div><\/div><\/div><\/div><\/div><\/div><\/section>\n","protected":false},"excerpt":{"rendered":"W\u00e4rmen Sie sich nach einem ausgiebigen Winterspaziergang am menschenleeren Strand in Ihrer privaten Sauna auf. Exklusiver Komfort, der Ihren Herbsturlaub an der Ostsee zu einem besonders behaglichen Erlebnis macht.","protected":false},"author":1,"featured_media":8458,"comment_status":"closed","ping_status":"closed","sticky":false,"template":"","format":"standard","meta":{"_acf_changed":false,"footnotes":""},"categories":[75],"tags":[],"class_list":["post-8471","post","type-post","status-publish","format-standard","has-post-thumbnail","hentry","category-island-impulses"],"acf":[],"_links":{"self":[{"href":"https:\/\/ostkueste.com\/en\/wp-json\/wp\/v2\/posts\/8471","targetHints":{"allow":["GET"]}}],"collection":[{"href":"https:\/\/ostkueste.com\/en\/wp-json\/wp\/v2\/posts"}],"about":[{"href":"https:\/\/ostkueste.com\/en\/wp-json\/wp\/v2\/types\/post"}],"author":[{"embeddable":true,"href":"https:\/\/ostkueste.com\/en\/wp-json\/wp\/v2\/users\/1"}],"replies":[{"embeddable":true,"href":"https:\/\/ostkueste.com\/en\/wp-json\/wp\/v2\/comments?post=8471"}],"version-history":[{"count":6,"href":"https:\/\/ostkueste.com\/en\/wp-json\/wp\/v2\/posts\/8471\/revisions"}],"predecessor-version":[{"id":8545,"href":"https:\/\/ostkueste.com\/en\/wp-json\/wp\/v2\/posts\/8471\/revisions\/8545"}],"wp:featuredmedia":[{"embeddable":true,"href":"https:\/\/ostkueste.com\/en\/wp-json\/wp\/v2\/media\/8458"}],"wp:attachment":[{"href":"https:\/\/ostkueste.com\/en\/wp-json\/wp\/v2\/media?parent=8471"}],"wp:term":[{"taxonomy":"category","embeddable":true,"href":"https:\/\/ostkueste.com\/en\/wp-json\/wp\/v2\/categories?post=8471"},{"taxonomy":"post_tag","embeddable":true,"href":"https:\/\/ostkueste.com\/en\/wp-json\/wp\/v2\/tags?post=8471"}],"curies":[{"name":"wp","href":"https:\/\/api.w.org\/{rel}","templated":true}]}}